{"id":12877,"date":"2025-09-16T05:07:33","date_gmt":"2025-09-16T05:07:33","guid":{"rendered":"https:\/\/www.swisslearning.com\/?p=12877"},"modified":"2025-09-23T05:19:07","modified_gmt":"2025-09-23T05:19:07","slug":"reimagining-learning-at-le-rosey-%cf%86lo-and-the-academic-entrepreneurship-centre","status":"publish","type":"post","link":"https:\/\/www.swisslearning.com\/fr\/news\/reimagining-learning-at-le-rosey-%cf%86lo-and-the-academic-entrepreneurship-centre\/","title":{"rendered":"R\u00e9imaginer l&#039;apprentissage au Rosey : \u03c6Lo et le Centre acad\u00e9mique et entrepreneurial"},"content":{"rendered":"<p><\/p>\n\n\n\n<h5 class=\"wp-block-heading\">L&#039;Institut Le Rosey \u00e9tablit une nouvelle norme en mati\u00e8re d&#039;\u00e9ducation avec deux projets transformateurs : le <strong>\u03c6Lo<\/strong> b\u00e2timent et le <strong>Centre acad\u00e9mique et entrepreneurial<\/strong>\u2014qui c\u00e9l\u00e8brent la cr\u00e9ativit\u00e9, la collaboration et l\u2019innovation dans le monde r\u00e9el.<\/h5>\n\n\n\n<h5 class=\"wp-block-heading\">\u03c6Lo : un espace o\u00f9 les gens, la p\u00e9dagogie et le lieu se rencontrent<\/h5>\n\n\n\n<p>Les enseignants de l\u2019Institut Le Rosey r\u00e9inventent la mani\u00e8re dont l\u2019apprentissage se d\u00e9roule en explorant l\u2019interaction entre les personnes, la p\u00e9dagogie et le lieu.<\/p>\n\n\n\n<p>\ud835\uded7Lo a \u00e9t\u00e9 con\u00e7u pour susciter des rencontres, des moments o\u00f9 les Ros\u00e9ens peuvent s&#039;arr\u00eater, r\u00e9fl\u00e9chir et penser ensemble, et cette vision a d\u00e9j\u00e0 pris vie lorsque les enseignants remod\u00e8lent le programme dans des coins inattendus du b\u00e2timent :<\/p>\n\n\n\n<ul class=\"wp-block-list\">\n<li><strong>La terrasse<\/strong> est devenu un forum anim\u00e9 de d\u00e9bat.<\/li>\n\n\n\n<li><strong>Canap\u00e9s dans le salon<\/strong> transform\u00e9 en cercle de dialogue et de discussion.<\/li>\n\n\n\n<li><strong>La sc\u00e8ne<\/strong> a \u00e9volu\u00e9 vers une plateforme de pitch de style start-up.<\/li>\n<\/ul>\n\n\n\n<p>Ces utilisations spontan\u00e9es de l\u2019espace mettent en \u00e9vidence la mani\u00e8re dont la conception flexible de \ud835\uded7Lo favorise de nouvelles approches de l\u2019enseignement et de l\u2019apprentissage.<\/p>\n\n\n\n<h3 class=\"wp-block-heading\">L&#039;innovation par la conception<\/h3>\n\n\n\n<p>S&#039;\u00e9tendant sur 16 000 m\u00b2 avec 90 salles de classe adaptables et des laboratoires de pointe, \u03c6Lo accueille \u00e9galement des initiatives telles que <strong>Acc\u00e9l\u00e9rateur d&#039;impact Rosey<\/strong> et <strong>MITdesignX Le Rosey<\/strong>, en veillant \u00e0 ce que l\u2019entrepreneuriat et l\u2019exp\u00e9rimentation soient au c\u0153ur du quotidien.<\/p>\n\n\n\n<h3 class=\"wp-block-heading\">Le Centre Acad\u00e9mique et Entrepreneurial<\/h3>\n\n\n\n<p>En compl\u00e9ment de \u03c6Lo, le nouveau centre, actuellement en construction, proposera des m\u00e9ga-laboratoires, un laboratoire environnemental ext\u00e9rieur, un laboratoire de cr\u00e9ation et des espaces pour les entrepreneurs en r\u00e9sidence. Son architecture transparente et ses am\u00e9nagements ouverts sont con\u00e7us pour rapprocher les disciplines et les individus, favorisant ainsi les projets transversaux et l&#039;application concr\u00e8te des connaissances.<\/p>\n\n\n\n<h3 class=\"wp-block-heading\">Regard vers l&#039;avenir<\/h3>\n\n\n\n<p>\u00c0 l&#039;Institut Le Rosey, l&#039;apprentissage ne se limite plus aux salles de classe traditionnelles. Avec \ud835\uded7Lo et le futur Centre Acad\u00e9mique et Entrepreneurial, l&#039;\u00e9cole continue d&#039;exp\u00e9rimenter des m\u00e9thodes d&#039;enseignement dynamiques, permettant aux \u00e9l\u00e8ves de devenir des penseurs, des cr\u00e9ateurs et des innovateurs.<\/p>","protected":false},"excerpt":{"rendered":"<p>Institut Le Rosey is setting a new standard for education with two transformative projects\u2014the \u03c6Lo building and the Academic &amp; Entrepreneurship Centre\u2014that celebrate creativity, collaboration, and real-world innovation. \u03c6Lo: A Space Where People, Pedagogy &amp; Place Meet Institut Le Rosey teachers are reimagining how learning happens by exploring the interplay of people, pedagogy, and place. [&hellip;]<\/p>\n","protected":false},"author":3,"featured_media":12878,"comment_status":"closed","ping_status":"open","sticky":false,"template":"","format":"standard","meta":{"footnotes":""},"categories":[31],"tags":[],"class_list":["post-12877","post","type-post","status-publish","format-standard","has-post-thumbnail","hentry","category-news"],"yoast_head":"<!-- This site is optimized with the Yoast SEO plugin v27.5 - https:\/\/yoast.com\/product\/yoast-seo-wordpress\/ -->\n<title>Reimagining Learning at Le Rosey: \u03c6Lo and the Academic &amp; Entrepreneurship Centre<\/title>\n<meta name=\"description\" content=\"Reimagining Learning at Le Rosey: \u03c6Lo and the Academic &amp; Entrepreneurship Centre\" \/>\n<meta name=\"robots\" content=\"index, follow, max-snippet:-1, max-image-preview:large, max-video-preview:-1\" \/>\n<link rel=\"canonical\" href=\"https:\/\/www.swisslearning.com\/fr\/news\/reimagining-learning-at-le-rosey-\u03c6lo-and-the-academic-entrepreneurship-centre\/\" \/>\n<meta property=\"og:locale\" content=\"fr_FR\" \/>\n<meta property=\"og:type\" content=\"article\" \/>\n<meta property=\"og:title\" content=\"Reimagining Learning at Le Rosey: \u03c6Lo and the Academic &amp; Entrepreneurship Centre\" \/>\n<meta property=\"og:description\" content=\"Reimagining Learning at Le Rosey: \u03c6Lo and the Academic &amp; Entrepreneurship Centre\" \/>\n<meta property=\"og:url\" content=\"https:\/\/www.swisslearning.com\/fr\/news\/reimagining-learning-at-le-rosey-\u03c6lo-and-the-academic-entrepreneurship-centre\/\" \/>\n<meta property=\"og:site_name\" content=\"Swiss Learning\" \/>\n<meta property=\"article:publisher\" content=\"https:\/\/www.facebook.com\/swisslearning\" \/>\n<meta property=\"article:published_time\" content=\"2025-09-16T05:07:33+00:00\" \/>\n<meta property=\"article:modified_time\" content=\"2025-09-23T05:19:07+00:00\" \/>\n<meta property=\"og:image\" content=\"https:\/\/www.swisslearning.com\/wp-content\/uploads\/2025\/09\/1756886184720.jpeg\" \/>\n\t<meta property=\"og:image:width\" content=\"1200\" \/>\n\t<meta property=\"og:image:height\" content=\"1500\" \/>\n\t<meta property=\"og:image:type\" content=\"image\/jpeg\" \/>\n<meta name=\"author\" content=\"Isabelle\" \/>\n<meta name=\"twitter:card\" content=\"summary_large_image\" \/>\n<meta name=\"twitter:label1\" content=\"\u00c9crit par\" \/>\n\t<meta name=\"twitter:data1\" content=\"Isabelle\" \/>\n\t<meta name=\"twitter:label2\" content=\"Dur\u00e9e de lecture estim\u00e9e\" \/>\n\t<meta name=\"twitter:data2\" content=\"6 minutes\" \/>\n<script type=\"application\/ld+json\" class=\"yoast-schema-graph\">{\"@context\":\"https:\\\/\\\/schema.org\",\"@graph\":[{\"@type\":\"Article\",\"@id\":\"https:\\\/\\\/www.swisslearning.com\\\/news\\\/reimagining-learning-at-le-rosey-%cf%86lo-and-the-academic-entrepreneurship-centre\\\/#article\",\"isPartOf\":{\"@id\":\"https:\\\/\\\/www.swisslearning.com\\\/news\\\/reimagining-learning-at-le-rosey-%cf%86lo-and-the-academic-entrepreneurship-centre\\\/\"},\"author\":{\"name\":\"Isabelle\",\"@id\":\"https:\\\/\\\/www.swisslearning.com\\\/#\\\/schema\\\/person\\\/512a780e070f7061a72b72aa9cdcc844\"},\"headline\":\"Reimagining Learning at Le Rosey: \u03c6Lo and the Academic &amp; Entrepreneurship Centre\",\"datePublished\":\"2025-09-16T05:07:33+00:00\",\"dateModified\":\"2025-09-23T05:19:07+00:00\",\"mainEntityOfPage\":{\"@id\":\"https:\\\/\\\/www.swisslearning.com\\\/news\\\/reimagining-learning-at-le-rosey-%cf%86lo-and-the-academic-entrepreneurship-centre\\\/\"},\"wordCount\":278,\"image\":{\"@id\":\"https:\\\/\\\/www.swisslearning.com\\\/news\\\/reimagining-learning-at-le-rosey-%cf%86lo-and-the-academic-entrepreneurship-centre\\\/#primaryimage\"},\"thumbnailUrl\":\"https:\\\/\\\/www.swisslearning.com\\\/wp-content\\\/uploads\\\/2025\\\/09\\\/1756886184720.jpeg\",\"articleSection\":[\"News\"],\"inLanguage\":\"fr-FR\"},{\"@type\":\"WebPage\",\"@id\":\"https:\\\/\\\/www.swisslearning.com\\\/news\\\/reimagining-learning-at-le-rosey-%cf%86lo-and-the-academic-entrepreneurship-centre\\\/\",\"url\":\"https:\\\/\\\/www.swisslearning.com\\\/news\\\/reimagining-learning-at-le-rosey-%cf%86lo-and-the-academic-entrepreneurship-centre\\\/\",\"name\":\"Reimagining Learning at Le Rosey: \u03c6Lo and the Academic & Entrepreneurship Centre\",\"isPartOf\":{\"@id\":\"https:\\\/\\\/www.swisslearning.com\\\/#website\"},\"primaryImageOfPage\":{\"@id\":\"https:\\\/\\\/www.swisslearning.com\\\/news\\\/reimagining-learning-at-le-rosey-%cf%86lo-and-the-academic-entrepreneurship-centre\\\/#primaryimage\"},\"image\":{\"@id\":\"https:\\\/\\\/www.swisslearning.com\\\/news\\\/reimagining-learning-at-le-rosey-%cf%86lo-and-the-academic-entrepreneurship-centre\\\/#primaryimage\"},\"thumbnailUrl\":\"https:\\\/\\\/www.swisslearning.com\\\/wp-content\\\/uploads\\\/2025\\\/09\\\/1756886184720.jpeg\",\"datePublished\":\"2025-09-16T05:07:33+00:00\",\"dateModified\":\"2025-09-23T05:19:07+00:00\",\"author\":{\"@id\":\"https:\\\/\\\/www.swisslearning.com\\\/#\\\/schema\\\/person\\\/512a780e070f7061a72b72aa9cdcc844\"},\"description\":\"Reimagining Learning at Le Rosey: \u03c6Lo and the Academic & Entrepreneurship Centre\",\"breadcrumb\":{\"@id\":\"https:\\\/\\\/www.swisslearning.com\\\/news\\\/reimagining-learning-at-le-rosey-%cf%86lo-and-the-academic-entrepreneurship-centre\\\/#breadcrumb\"},\"inLanguage\":\"fr-FR\",\"potentialAction\":[{\"@type\":\"ReadAction\",\"target\":[\"https:\\\/\\\/www.swisslearning.com\\\/news\\\/reimagining-learning-at-le-rosey-%cf%86lo-and-the-academic-entrepreneurship-centre\\\/\"]}]},{\"@type\":\"ImageObject\",\"inLanguage\":\"fr-FR\",\"@id\":\"https:\\\/\\\/www.swisslearning.com\\\/news\\\/reimagining-learning-at-le-rosey-%cf%86lo-and-the-academic-entrepreneurship-centre\\\/#primaryimage\",\"url\":\"https:\\\/\\\/www.swisslearning.com\\\/wp-content\\\/uploads\\\/2025\\\/09\\\/1756886184720.jpeg\",\"contentUrl\":\"https:\\\/\\\/www.swisslearning.com\\\/wp-content\\\/uploads\\\/2025\\\/09\\\/1756886184720.jpeg\",\"width\":1200,\"height\":1500},{\"@type\":\"BreadcrumbList\",\"@id\":\"https:\\\/\\\/www.swisslearning.com\\\/news\\\/reimagining-learning-at-le-rosey-%cf%86lo-and-the-academic-entrepreneurship-centre\\\/#breadcrumb\",\"itemListElement\":[{\"@type\":\"ListItem\",\"position\":1,\"name\":\"Home\",\"item\":\"https:\\\/\\\/www.swisslearning.com\\\/\"},{\"@type\":\"ListItem\",\"position\":2,\"name\":\"Reimagining Learning at Le Rosey: \u03c6Lo and the Academic &amp; Entrepreneurship Centre\"}]},{\"@type\":\"WebSite\",\"@id\":\"https:\\\/\\\/www.swisslearning.com\\\/#website\",\"url\":\"https:\\\/\\\/www.swisslearning.com\\\/\",\"name\":\"Swiss Learning\",\"description\":\"BOARDING SCHOOLS, HOTEL MANAGEMENT SCHOOLS AND CAMPS IN SWITZERLAND\",\"potentialAction\":[{\"@type\":\"SearchAction\",\"target\":{\"@type\":\"EntryPoint\",\"urlTemplate\":\"https:\\\/\\\/www.swisslearning.com\\\/?s={search_term_string}\"},\"query-input\":{\"@type\":\"PropertyValueSpecification\",\"valueRequired\":true,\"valueName\":\"search_term_string\"}}],\"inLanguage\":\"fr-FR\"},{\"@type\":\"Person\",\"@id\":\"https:\\\/\\\/www.swisslearning.com\\\/#\\\/schema\\\/person\\\/512a780e070f7061a72b72aa9cdcc844\",\"name\":\"Isabelle\",\"image\":{\"@type\":\"ImageObject\",\"inLanguage\":\"fr-FR\",\"@id\":\"https:\\\/\\\/secure.gravatar.com\\\/avatar\\\/fe546a12218bf41a42b91135de2222e01f5b175bea26679715cc0130484df73f?s=96&d=mm&r=g\",\"url\":\"https:\\\/\\\/secure.gravatar.com\\\/avatar\\\/fe546a12218bf41a42b91135de2222e01f5b175bea26679715cc0130484df73f?s=96&d=mm&r=g\",\"contentUrl\":\"https:\\\/\\\/secure.gravatar.com\\\/avatar\\\/fe546a12218bf41a42b91135de2222e01f5b175bea26679715cc0130484df73f?s=96&d=mm&r=g\",\"caption\":\"Isabelle\"},\"url\":\"https:\\\/\\\/www.swisslearning.com\\\/fr\\\/author\\\/isabelle\\\/\"}]}<\/script>\n<!-- \/ Yoast SEO plugin. -->","yoast_head_json":{"title":"R\u00e9imaginer l&#039;apprentissage au Rosey : \u03c6Lo et le Centre acad\u00e9mique et entrepreneurial","description":"R\u00e9imaginer l&#039;apprentissage au Rosey : \u03c6Lo et le Centre acad\u00e9mique et entrepreneurial","robots":{"index":"index","follow":"follow","max-snippet":"max-snippet:-1","max-image-preview":"max-image-preview:large","max-video-preview":"max-video-preview:-1"},"canonical":"https:\/\/www.swisslearning.com\/fr\/news\/reimagining-learning-at-le-rosey-\u03c6lo-and-the-academic-entrepreneurship-centre\/","og_locale":"fr_FR","og_type":"article","og_title":"Reimagining Learning at Le Rosey: \u03c6Lo and the Academic & Entrepreneurship Centre","og_description":"Reimagining Learning at Le Rosey: \u03c6Lo and the Academic & Entrepreneurship Centre","og_url":"https:\/\/www.swisslearning.com\/fr\/news\/reimagining-learning-at-le-rosey-\u03c6lo-and-the-academic-entrepreneurship-centre\/","og_site_name":"Swiss Learning","article_publisher":"https:\/\/www.facebook.com\/swisslearning","article_published_time":"2025-09-16T05:07:33+00:00","article_modified_time":"2025-09-23T05:19:07+00:00","og_image":[{"width":1200,"height":1500,"url":"https:\/\/www.swisslearning.com\/wp-content\/uploads\/2025\/09\/1756886184720.jpeg","type":"image\/jpeg"}],"author":"Isabelle","twitter_card":"summary_large_image","twitter_misc":{"\u00c9crit par":"Isabelle","Dur\u00e9e de lecture estim\u00e9e":"6 minutes"},"schema":{"@context":"https:\/\/schema.org","@graph":[{"@type":"Article","@id":"https:\/\/www.swisslearning.com\/news\/reimagining-learning-at-le-rosey-%cf%86lo-and-the-academic-entrepreneurship-centre\/#article","isPartOf":{"@id":"https:\/\/www.swisslearning.com\/news\/reimagining-learning-at-le-rosey-%cf%86lo-and-the-academic-entrepreneurship-centre\/"},"author":{"name":"Isabelle","@id":"https:\/\/www.swisslearning.com\/#\/schema\/person\/512a780e070f7061a72b72aa9cdcc844"},"headline":"Reimagining Learning at Le Rosey: \u03c6Lo and the Academic &amp; Entrepreneurship Centre","datePublished":"2025-09-16T05:07:33+00:00","dateModified":"2025-09-23T05:19:07+00:00","mainEntityOfPage":{"@id":"https:\/\/www.swisslearning.com\/news\/reimagining-learning-at-le-rosey-%cf%86lo-and-the-academic-entrepreneurship-centre\/"},"wordCount":278,"image":{"@id":"https:\/\/www.swisslearning.com\/news\/reimagining-learning-at-le-rosey-%cf%86lo-and-the-academic-entrepreneurship-centre\/#primaryimage"},"thumbnailUrl":"https:\/\/www.swisslearning.com\/wp-content\/uploads\/2025\/09\/1756886184720.jpeg","articleSection":["News"],"inLanguage":"fr-FR"},{"@type":"WebPage","@id":"https:\/\/www.swisslearning.com\/news\/reimagining-learning-at-le-rosey-%cf%86lo-and-the-academic-entrepreneurship-centre\/","url":"https:\/\/www.swisslearning.com\/news\/reimagining-learning-at-le-rosey-%cf%86lo-and-the-academic-entrepreneurship-centre\/","name":"R\u00e9imaginer l&#039;apprentissage au Rosey : \u03c6Lo et le Centre acad\u00e9mique et entrepreneurial","isPartOf":{"@id":"https:\/\/www.swisslearning.com\/#website"},"primaryImageOfPage":{"@id":"https:\/\/www.swisslearning.com\/news\/reimagining-learning-at-le-rosey-%cf%86lo-and-the-academic-entrepreneurship-centre\/#primaryimage"},"image":{"@id":"https:\/\/www.swisslearning.com\/news\/reimagining-learning-at-le-rosey-%cf%86lo-and-the-academic-entrepreneurship-centre\/#primaryimage"},"thumbnailUrl":"https:\/\/www.swisslearning.com\/wp-content\/uploads\/2025\/09\/1756886184720.jpeg","datePublished":"2025-09-16T05:07:33+00:00","dateModified":"2025-09-23T05:19:07+00:00","author":{"@id":"https:\/\/www.swisslearning.com\/#\/schema\/person\/512a780e070f7061a72b72aa9cdcc844"},"description":"R\u00e9imaginer l&#039;apprentissage au Rosey : \u03c6Lo et le Centre acad\u00e9mique et entrepreneurial","breadcrumb":{"@id":"https:\/\/www.swisslearning.com\/news\/reimagining-learning-at-le-rosey-%cf%86lo-and-the-academic-entrepreneurship-centre\/#breadcrumb"},"inLanguage":"fr-FR","potentialAction":[{"@type":"ReadAction","target":["https:\/\/www.swisslearning.com\/news\/reimagining-learning-at-le-rosey-%cf%86lo-and-the-academic-entrepreneurship-centre\/"]}]},{"@type":"ImageObject","inLanguage":"fr-FR","@id":"https:\/\/www.swisslearning.com\/news\/reimagining-learning-at-le-rosey-%cf%86lo-and-the-academic-entrepreneurship-centre\/#primaryimage","url":"https:\/\/www.swisslearning.com\/wp-content\/uploads\/2025\/09\/1756886184720.jpeg","contentUrl":"https:\/\/www.swisslearning.com\/wp-content\/uploads\/2025\/09\/1756886184720.jpeg","width":1200,"height":1500},{"@type":"BreadcrumbList","@id":"https:\/\/www.swisslearning.com\/news\/reimagining-learning-at-le-rosey-%cf%86lo-and-the-academic-entrepreneurship-centre\/#breadcrumb","itemListElement":[{"@type":"ListItem","position":1,"name":"Home","item":"https:\/\/www.swisslearning.com\/"},{"@type":"ListItem","position":2,"name":"Reimagining Learning at Le Rosey: \u03c6Lo and the Academic &amp; Entrepreneurship Centre"}]},{"@type":"WebSite","@id":"https:\/\/www.swisslearning.com\/#website","url":"https:\/\/www.swisslearning.com\/","name":"Apprentissage suisse","description":"INTERNATS, \u00c9COLES H\u00d4TELI\u00c8RES ET CAMPS EN SUISSE","potentialAction":[{"@type":"SearchAction","target":{"@type":"EntryPoint","urlTemplate":"https:\/\/www.swisslearning.com\/?s={search_term_string}"},"query-input":{"@type":"PropertyValueSpecification","valueRequired":true,"valueName":"search_term_string"}}],"inLanguage":"fr-FR"},{"@type":"Person","@id":"https:\/\/www.swisslearning.com\/#\/schema\/person\/512a780e070f7061a72b72aa9cdcc844","name":"Isabelle","image":{"@type":"ImageObject","inLanguage":"fr-FR","@id":"https:\/\/secure.gravatar.com\/avatar\/fe546a12218bf41a42b91135de2222e01f5b175bea26679715cc0130484df73f?s=96&d=mm&r=g","url":"https:\/\/secure.gravatar.com\/avatar\/fe546a12218bf41a42b91135de2222e01f5b175bea26679715cc0130484df73f?s=96&d=mm&r=g","contentUrl":"https:\/\/secure.gravatar.com\/avatar\/fe546a12218bf41a42b91135de2222e01f5b175bea26679715cc0130484df73f?s=96&d=mm&r=g","caption":"Isabelle"},"url":"https:\/\/www.swisslearning.com\/fr\/author\/isabelle\/"}]}},"_links":{"self":[{"href":"https:\/\/www.swisslearning.com\/fr\/wp-json\/wp\/v2\/posts\/12877","targetHints":{"allow":["GET"]}}],"collection":[{"href":"https:\/\/www.swisslearning.com\/fr\/wp-json\/wp\/v2\/posts"}],"about":[{"href":"https:\/\/www.swisslearning.com\/fr\/wp-json\/wp\/v2\/types\/post"}],"author":[{"embeddable":true,"href":"https:\/\/www.swisslearning.com\/fr\/wp-json\/wp\/v2\/users\/3"}],"replies":[{"embeddable":true,"href":"https:\/\/www.swisslearning.com\/fr\/wp-json\/wp\/v2\/comments?post=12877"}],"version-history":[{"count":2,"href":"https:\/\/www.swisslearning.com\/fr\/wp-json\/wp\/v2\/posts\/12877\/revisions"}],"predecessor-version":[{"id":12880,"href":"https:\/\/www.swisslearning.com\/fr\/wp-json\/wp\/v2\/posts\/12877\/revisions\/12880"}],"wp:featuredmedia":[{"embeddable":true,"href":"https:\/\/www.swisslearning.com\/fr\/wp-json\/wp\/v2\/media\/12878"}],"wp:attachment":[{"href":"https:\/\/www.swisslearning.com\/fr\/wp-json\/wp\/v2\/media?parent=12877"}],"wp:term":[{"taxonomy":"category","embeddable":true,"href":"https:\/\/www.swisslearning.com\/fr\/wp-json\/wp\/v2\/categories?post=12877"},{"taxonomy":"post_tag","embeddable":true,"href":"https:\/\/www.swisslearning.com\/fr\/wp-json\/wp\/v2\/tags?post=12877"}],"curies":[{"name":"wp","href":"https:\/\/api.w.org\/{rel}","templated":true}]}}