{"id":13295,"date":"2026-01-31T20:19:00","date_gmt":"2026-01-31T20:19:00","guid":{"rendered":"https:\/\/stage.swisslearning.com\/?p=13295"},"modified":"2026-08-24T11:14:29","modified_gmt":"2026-08-24T11:14:29","slug":"directors-of-the-swiss-learning-schools-recently-came-together","status":"publish","type":"post","link":"https:\/\/www.swisslearning.com\/fr\/news\/directors-of-the-swiss-learning-schools-recently-came-together\/","title":{"rendered":"Directors of the Swiss Learning Schools recently came together"},"content":{"rendered":"<p class=\"wp-block-paragraph\"><strong>The Directors of the Swiss Learning Schools recently came together to talk about the questions they\u2019re asked most often: what is it really like to study in Switzerland and to live in a boarding school, and what makes it so special?<\/strong><br \/>In an open and engaging discussion, they shared insights into everyday life at Swiss schools, from the high academic standards and multilingual classrooms to the strong emphasis on independence, responsibility, and personal growth in international Swiss boarding schools. They also talked about learning beyond textbooks\u2014how outdoor education, cultural diversity, and real-world experiences play a key role in shaping students.<\/p>\n<p class=\"wp-block-paragraph\">The conversation highlighted that studying in Switzerland is about much more than academics. It\u2019s about balance, international perspectives, and preparing young people to feel confident, capable, and ready for the world\u2014both in and out of the classroom.<\/p>\n<figure class=\"wp-block-video\"><video height=\"3840\" style=\"aspect-ratio: 2160 \/ 3840;\" width=\"2160\" controls src=\"https:\/\/stage.swisslearning.com\/wp-content\/uploads\/2026\/01\/Video-1-Swiss-Learning-V4.mp4\"><\/video><\/figure>\n<figure class=\"wp-block-video\"><video height=\"3840\" style=\"aspect-ratio: 2160 \/ 3840;\" width=\"2160\" controls src=\"https:\/\/stage.swisslearning.com\/wp-content\/uploads\/2026\/01\/Video-2-Swiss-Learning-V3.mp4\"><\/video><\/figure>\n<figure class=\"wp-block-video\"><video height=\"3840\" style=\"aspect-ratio: 2160 \/ 3840;\" width=\"2160\" controls src=\"https:\/\/stage.swisslearning.com\/wp-content\/uploads\/2026\/01\/Video-3-Swiss-Learning-V3.mp4\"><\/video><\/figure>\n<p class=\"wp-block-paragraph\">Artificial intelligence will be one of the defining challenges for boarding schools in the coming decade. The key is not only to integrate it, but to use it with discernment \u00a0understanding both its potential and its limits. At the same time, preserving human connection and deep learning remains essential.<\/p>\n<p class=\"wp-block-paragraph\">Swiss Learning &nbsp;Nowhere Else&nbsp;<\/p>\n<ul class=\"wp-block-list\">\n<li><strong>Swiss Learning BOARDING SCHOOLS<\/strong>\n<ul class=\"wp-block-list\">\n<li>INSTITUT LE ROSEY <\/li>\n<li>\u00c9COLE INTERNATIONALE DE BRILLANTMONT <\/li>\n<li>INSTITUT AUF DEM ROSENBERG <\/li>\n<li>COLL\u00c8GE CHAMPITTET <\/li>\n<li>LYC\u00c9E ALPINUM ZUOZ <\/li>\n<li>COLL\u00c8GE BEAU SOLEIL<\/li>\n<li>INSTITUT MONTANA ZUGERBERG <\/li>\n<li>ST GEORGE\u2019S SCHOOL<\/li>\n<li>LA GARENNE \u2022 AIGLON COLLEGE<\/li>\n<li>\u00c9COLE INTERNATIONALE JOHN F. KENNEDY<\/li>\n<li>TASIS -THE AMERICAN SCHOOL IN SWITZERLAND<\/li>\n<li>COLL\u00c8GE DU L\u00c9MAN<\/li>\n<li>\u00c9COLE AM\u00c9RICAINE DE LEYSIN <\/li>\n<li>LE R\u00c9GENT<\/li>\n<\/ul>\n<\/li>\n<\/ul>\n<p class=\"wp-block-paragraph\">\n<ul class=\"wp-block-list\">\n<li><strong>Swiss Learning HOSPITALITY MANAGEMENT SCHOOLS<\/strong>\n<ul class=\"wp-block-list\">\n<li>LES ROCHES GLOBAL HOSPITALITY EDUCATION <\/li>\n<li>GLION INSTITUTE OF HIGHER EDUCATION<\/li>\n<\/ul>\n<\/li>\n<\/ul>","protected":false},"excerpt":{"rendered":"<p>The Directors of the Swiss Learning Schools recently came together to talk about the questions they\u2019re asked most often: what is it really like to study in Switzerland and to live in a boarding school, and what makes it so special?In an open and engaging discussion, they shared insights into everyday life at Swiss schools, [&hellip;]<\/p>\n","protected":false},"author":1,"featured_media":14691,"comment_status":"closed","ping_status":"open","sticky":false,"template":"","format":"standard","meta":{"footnotes":""},"categories":[31],"tags":[],"class_list":["post-13295","post","type-post","status-publish","format-standard","has-post-thumbnail","hentry","category-news"],"yoast_head":"<!-- This site is optimized with the Yoast SEO plugin v28.4 - https:\/\/yoast.com\/product\/yoast-seo-wordpress\/ -->\n<title>Alumni Highlight the Power of Lifelong Connections<\/title>\n<meta name=\"description\" content=\"Alumni Highlight the Power of Lifelong Connections\" \/>\n<meta name=\"robots\" content=\"noindex, follow, max-snippet:-1, max-image-preview:large, max-video-preview:-1\" \/>\n<meta property=\"og:locale\" content=\"fr_FR\" \/>\n<meta property=\"og:type\" content=\"article\" \/>\n<meta property=\"og:title\" content=\"Alumni Highlight the Power of Lifelong Connections\" \/>\n<meta property=\"og:description\" content=\"Alumni Highlight the Power of Lifelong Connections\" \/>\n<meta property=\"og:url\" content=\"https:\/\/www.swisslearning.com\/fr\/news\/directors-of-the-swiss-learning-schools-recently-came-together\/\" \/>\n<meta property=\"og:site_name\" content=\"Swiss Learning\" \/>\n<meta property=\"article:publisher\" content=\"https:\/\/www.facebook.com\/swisslearning\" \/>\n<meta property=\"article:published_time\" content=\"2026-01-31T20:19:00+00:00\" \/>\n<meta property=\"article:modified_time\" content=\"2026-08-24T11:14:29+00:00\" \/>\n<meta property=\"og:image\" content=\"https:\/\/www.swisslearning.com\/wp-content\/uploads\/2026\/08\/Screenshot-31-01-at-14.07-topaz-focus.png\" \/>\n\t<meta property=\"og:image:width\" content=\"757\" \/>\n\t<meta property=\"og:image:height\" content=\"507\" \/>\n\t<meta property=\"og:image:type\" content=\"image\/png\" \/>\n<meta name=\"author\" content=\"admin\" \/>\n<meta name=\"twitter:card\" content=\"summary_large_image\" \/>\n<meta name=\"twitter:label1\" content=\"\u00c9crit par\" \/>\n\t<meta name=\"twitter:data1\" content=\"admin\" \/>\n\t<meta name=\"twitter:label2\" content=\"Dur\u00e9e de lecture estim\u00e9e\" \/>\n\t<meta name=\"twitter:data2\" content=\"6 minutes\" \/>\n<script type=\"application\/ld+json\" class=\"yoast-schema-graph\">{\"@context\":\"https:\\\/\\\/schema.org\",\"@graph\":[{\"@type\":\"Article\",\"@id\":\"https:\\\/\\\/www.swisslearning.com\\\/ar\\\/news\\\/directors-of-the-swiss-learning-schools-recently-came-together\\\/#article\",\"isPartOf\":{\"@id\":\"https:\\\/\\\/www.swisslearning.com\\\/ar\\\/news\\\/directors-of-the-swiss-learning-schools-recently-came-together\\\/\"},\"author\":{\"name\":\"admin\",\"@id\":\"https:\\\/\\\/www.swisslearning.com\\\/#\\\/schema\\\/person\\\/59938bbd67cc1b45c4f19a907b85cf88\"},\"headline\":\"Directors of the Swiss Learning Schools recently came together\",\"datePublished\":\"2026-01-31T20:19:00+00:00\",\"dateModified\":\"2026-08-24T11:14:29+00:00\",\"mainEntityOfPage\":{\"@id\":\"https:\\\/\\\/www.swisslearning.com\\\/ar\\\/news\\\/directors-of-the-swiss-learning-schools-recently-came-together\\\/\"},\"wordCount\":277,\"publisher\":{\"@id\":\"https:\\\/\\\/www.swisslearning.com\\\/#organization\"},\"image\":{\"@id\":\"https:\\\/\\\/www.swisslearning.com\\\/ar\\\/news\\\/directors-of-the-swiss-learning-schools-recently-came-together\\\/#primaryimage\"},\"thumbnailUrl\":\"https:\\\/\\\/www.swisslearning.com\\\/wp-content\\\/uploads\\\/2026\\\/08\\\/Screenshot-31-01-at-14.07-topaz-focus.png\",\"articleSection\":[\"News\"],\"inLanguage\":\"fr-FR\"},{\"@type\":\"WebPage\",\"@id\":\"https:\\\/\\\/www.swisslearning.com\\\/ar\\\/news\\\/directors-of-the-swiss-learning-schools-recently-came-together\\\/\",\"url\":\"https:\\\/\\\/www.swisslearning.com\\\/ar\\\/news\\\/directors-of-the-swiss-learning-schools-recently-came-together\\\/\",\"name\":\"Alumni Highlight the Power of Lifelong Connections\",\"isPartOf\":{\"@id\":\"https:\\\/\\\/www.swisslearning.com\\\/#website\"},\"primaryImageOfPage\":{\"@id\":\"https:\\\/\\\/www.swisslearning.com\\\/ar\\\/news\\\/directors-of-the-swiss-learning-schools-recently-came-together\\\/#primaryimage\"},\"image\":{\"@id\":\"https:\\\/\\\/www.swisslearning.com\\\/ar\\\/news\\\/directors-of-the-swiss-learning-schools-recently-came-together\\\/#primaryimage\"},\"thumbnailUrl\":\"https:\\\/\\\/www.swisslearning.com\\\/wp-content\\\/uploads\\\/2026\\\/08\\\/Screenshot-31-01-at-14.07-topaz-focus.png\",\"datePublished\":\"2026-01-31T20:19:00+00:00\",\"dateModified\":\"2026-08-24T11:14:29+00:00\",\"description\":\"Alumni Highlight the Power of Lifelong Connections\",\"breadcrumb\":{\"@id\":\"https:\\\/\\\/www.swisslearning.com\\\/ar\\\/news\\\/directors-of-the-swiss-learning-schools-recently-came-together\\\/#breadcrumb\"},\"inLanguage\":\"fr-FR\",\"potentialAction\":[{\"@type\":\"ReadAction\",\"target\":[\"https:\\\/\\\/www.swisslearning.com\\\/ar\\\/news\\\/directors-of-the-swiss-learning-schools-recently-came-together\\\/\"]}]},{\"@type\":\"ImageObject\",\"inLanguage\":\"fr-FR\",\"@id\":\"https:\\\/\\\/www.swisslearning.com\\\/ar\\\/news\\\/directors-of-the-swiss-learning-schools-recently-came-together\\\/#primaryimage\",\"url\":\"https:\\\/\\\/www.swisslearning.com\\\/wp-content\\\/uploads\\\/2026\\\/08\\\/Screenshot-31-01-at-14.07-topaz-focus.png\",\"contentUrl\":\"https:\\\/\\\/www.swisslearning.com\\\/wp-content\\\/uploads\\\/2026\\\/08\\\/Screenshot-31-01-at-14.07-topaz-focus.png\",\"width\":757,\"height\":507},{\"@type\":\"BreadcrumbList\",\"@id\":\"https:\\\/\\\/www.swisslearning.com\\\/ar\\\/news\\\/directors-of-the-swiss-learning-schools-recently-came-together\\\/#breadcrumb\",\"itemListElement\":[{\"@type\":\"ListItem\",\"position\":1,\"name\":\"Home\",\"item\":\"https:\\\/\\\/www.swisslearning.com\\\/\"},{\"@type\":\"ListItem\",\"position\":2,\"name\":\"Directors of the Swiss Learning Schools recently came together\"}]},{\"@type\":\"WebSite\",\"@id\":\"https:\\\/\\\/www.swisslearning.com\\\/#website\",\"url\":\"https:\\\/\\\/www.swisslearning.com\\\/\",\"name\":\"Swiss Learning\",\"description\":\"BOARDING SCHOOLS, HOTEL MANAGEMENT SCHOOLS AND CAMPS IN SWITZERLAND\",\"publisher\":{\"@id\":\"https:\\\/\\\/www.swisslearning.com\\\/#organization\"},\"potentialAction\":[{\"@type\":\"SearchAction\",\"target\":{\"@type\":\"EntryPoint\",\"urlTemplate\":\"https:\\\/\\\/www.swisslearning.com\\\/?s={search_term_string}\"},\"query-input\":{\"@type\":\"PropertyValueSpecification\",\"valueRequired\":true,\"valueName\":\"search_term_string\"}}],\"inLanguage\":\"fr-FR\"},{\"@type\":\"Organization\",\"@id\":\"https:\\\/\\\/www.swisslearning.com\\\/#organization\",\"name\":\"Swiss Learning\",\"url\":\"https:\\\/\\\/www.swisslearning.com\\\/\",\"logo\":{\"@type\":\"ImageObject\",\"inLanguage\":\"fr-FR\",\"@id\":\"https:\\\/\\\/www.swisslearning.com\\\/#\\\/schema\\\/logo\\\/image\\\/\",\"url\":\"https:\\\/\\\/www.swisslearning.com\\\/wp-content\\\/uploads\\\/2021\\\/06\\\/swiss-learning_logo.svg\",\"contentUrl\":\"https:\\\/\\\/www.swisslearning.com\\\/wp-content\\\/uploads\\\/2021\\\/06\\\/swiss-learning_logo.svg\",\"width\":208,\"height\":56,\"caption\":\"Swiss Learning\"},\"image\":{\"@id\":\"https:\\\/\\\/www.swisslearning.com\\\/#\\\/schema\\\/logo\\\/image\\\/\"},\"sameAs\":[\"https:\\\/\\\/www.facebook.com\\\/swisslearning\",\"https:\\\/\\\/www.instagram.com\\\/swisslearning\\\/\",\"https:\\\/\\\/www.linkedin.com\\\/company\\\/35552129\\\/admin\\\/\"]},{\"@type\":\"Person\",\"@id\":\"https:\\\/\\\/www.swisslearning.com\\\/#\\\/schema\\\/person\\\/59938bbd67cc1b45c4f19a907b85cf88\",\"name\":\"admin\",\"image\":{\"@type\":\"ImageObject\",\"inLanguage\":\"fr-FR\",\"@id\":\"https:\\\/\\\/secure.gravatar.com\\\/avatar\\\/97d73f4ed71acc2849c477eaba075653da9f14ac407cf282af648df58ca74d42?s=96&d=mm&r=g\",\"url\":\"https:\\\/\\\/secure.gravatar.com\\\/avatar\\\/97d73f4ed71acc2849c477eaba075653da9f14ac407cf282af648df58ca74d42?s=96&d=mm&r=g\",\"contentUrl\":\"https:\\\/\\\/secure.gravatar.com\\\/avatar\\\/97d73f4ed71acc2849c477eaba075653da9f14ac407cf282af648df58ca74d42?s=96&d=mm&r=g\",\"caption\":\"admin\"},\"sameAs\":[\"https:\\\/\\\/swissexcellence.ch\"],\"url\":\"https:\\\/\\\/www.swisslearning.com\\\/fr\\\/author\\\/maik_u6alppwn\\\/\"}]}<\/script>\n<!-- \/ Yoast SEO plugin. -->","yoast_head_json":{"title":"Alumni Highlight the Power of Lifelong Connections","description":"Alumni Highlight the Power of Lifelong Connections","robots":{"index":"noindex","follow":"follow","max-snippet":"max-snippet:-1","max-image-preview":"max-image-preview:large","max-video-preview":"max-video-preview:-1"},"og_locale":"fr_FR","og_type":"article","og_title":"Alumni Highlight the Power of Lifelong Connections","og_description":"Alumni Highlight the Power of Lifelong Connections","og_url":"https:\/\/www.swisslearning.com\/fr\/news\/directors-of-the-swiss-learning-schools-recently-came-together\/","og_site_name":"Swiss Learning","article_publisher":"https:\/\/www.facebook.com\/swisslearning","article_published_time":"2026-01-31T20:19:00+00:00","article_modified_time":"2026-08-24T11:14:29+00:00","og_image":[{"width":757,"height":507,"url":"https:\/\/www.swisslearning.com\/wp-content\/uploads\/2026\/08\/Screenshot-31-01-at-14.07-topaz-focus.png","type":"image\/png"}],"author":"admin","twitter_card":"summary_large_image","twitter_misc":{"\u00c9crit par":"admin","Dur\u00e9e de lecture estim\u00e9e":"6 minutes"},"schema":{"@context":"https:\/\/schema.org","@graph":[{"@type":"Article","@id":"https:\/\/www.swisslearning.com\/ar\/news\/directors-of-the-swiss-learning-schools-recently-came-together\/#article","isPartOf":{"@id":"https:\/\/www.swisslearning.com\/ar\/news\/directors-of-the-swiss-learning-schools-recently-came-together\/"},"author":{"name":"admin","@id":"https:\/\/www.swisslearning.com\/#\/schema\/person\/59938bbd67cc1b45c4f19a907b85cf88"},"headline":"Directors of the Swiss Learning Schools recently came together","datePublished":"2026-01-31T20:19:00+00:00","dateModified":"2026-08-24T11:14:29+00:00","mainEntityOfPage":{"@id":"https:\/\/www.swisslearning.com\/ar\/news\/directors-of-the-swiss-learning-schools-recently-came-together\/"},"wordCount":277,"publisher":{"@id":"https:\/\/www.swisslearning.com\/#organization"},"image":{"@id":"https:\/\/www.swisslearning.com\/ar\/news\/directors-of-the-swiss-learning-schools-recently-came-together\/#primaryimage"},"thumbnailUrl":"https:\/\/www.swisslearning.com\/wp-content\/uploads\/2026\/08\/Screenshot-31-01-at-14.07-topaz-focus.png","articleSection":["News"],"inLanguage":"fr-FR"},{"@type":"WebPage","@id":"https:\/\/www.swisslearning.com\/ar\/news\/directors-of-the-swiss-learning-schools-recently-came-together\/","url":"https:\/\/www.swisslearning.com\/ar\/news\/directors-of-the-swiss-learning-schools-recently-came-together\/","name":"Alumni Highlight the Power of Lifelong Connections","isPartOf":{"@id":"https:\/\/www.swisslearning.com\/#website"},"primaryImageOfPage":{"@id":"https:\/\/www.swisslearning.com\/ar\/news\/directors-of-the-swiss-learning-schools-recently-came-together\/#primaryimage"},"image":{"@id":"https:\/\/www.swisslearning.com\/ar\/news\/directors-of-the-swiss-learning-schools-recently-came-together\/#primaryimage"},"thumbnailUrl":"https:\/\/www.swisslearning.com\/wp-content\/uploads\/2026\/08\/Screenshot-31-01-at-14.07-topaz-focus.png","datePublished":"2026-01-31T20:19:00+00:00","dateModified":"2026-08-24T11:14:29+00:00","description":"Alumni Highlight the Power of Lifelong Connections","breadcrumb":{"@id":"https:\/\/www.swisslearning.com\/ar\/news\/directors-of-the-swiss-learning-schools-recently-came-together\/#breadcrumb"},"inLanguage":"fr-FR","potentialAction":[{"@type":"ReadAction","target":["https:\/\/www.swisslearning.com\/ar\/news\/directors-of-the-swiss-learning-schools-recently-came-together\/"]}]},{"@type":"ImageObject","inLanguage":"fr-FR","@id":"https:\/\/www.swisslearning.com\/ar\/news\/directors-of-the-swiss-learning-schools-recently-came-together\/#primaryimage","url":"https:\/\/www.swisslearning.com\/wp-content\/uploads\/2026\/08\/Screenshot-31-01-at-14.07-topaz-focus.png","contentUrl":"https:\/\/www.swisslearning.com\/wp-content\/uploads\/2026\/08\/Screenshot-31-01-at-14.07-topaz-focus.png","width":757,"height":507},{"@type":"BreadcrumbList","@id":"https:\/\/www.swisslearning.com\/ar\/news\/directors-of-the-swiss-learning-schools-recently-came-together\/#breadcrumb","itemListElement":[{"@type":"ListItem","position":1,"name":"Home","item":"https:\/\/www.swisslearning.com\/"},{"@type":"ListItem","position":2,"name":"Directors of the Swiss Learning Schools recently came together"}]},{"@type":"WebSite","@id":"https:\/\/www.swisslearning.com\/#website","url":"https:\/\/www.swisslearning.com\/","name":"Swiss Learning","description":"INTERNATS, \u00c9COLES H\u00d4TELI\u00c8RES ET CAMPS EN SUISSE","publisher":{"@id":"https:\/\/www.swisslearning.com\/#organization"},"potentialAction":[{"@type":"SearchAction","target":{"@type":"EntryPoint","urlTemplate":"https:\/\/www.swisslearning.com\/?s={search_term_string}"},"query-input":{"@type":"PropertyValueSpecification","valueRequired":true,"valueName":"search_term_string"}}],"inLanguage":"fr-FR"},{"@type":"Organization","@id":"https:\/\/www.swisslearning.com\/#organization","name":"Swiss Learning","url":"https:\/\/www.swisslearning.com\/","logo":{"@type":"ImageObject","inLanguage":"fr-FR","@id":"https:\/\/www.swisslearning.com\/#\/schema\/logo\/image\/","url":"https:\/\/www.swisslearning.com\/wp-content\/uploads\/2021\/06\/swiss-learning_logo.svg","contentUrl":"https:\/\/www.swisslearning.com\/wp-content\/uploads\/2021\/06\/swiss-learning_logo.svg","width":208,"height":56,"caption":"Swiss Learning"},"image":{"@id":"https:\/\/www.swisslearning.com\/#\/schema\/logo\/image\/"},"sameAs":["https:\/\/www.facebook.com\/swisslearning","https:\/\/www.instagram.com\/swisslearning\/","https:\/\/www.linkedin.com\/company\/35552129\/admin\/"]},{"@type":"Person","@id":"https:\/\/www.swisslearning.com\/#\/schema\/person\/59938bbd67cc1b45c4f19a907b85cf88","name":"administrateur","image":{"@type":"ImageObject","inLanguage":"fr-FR","@id":"https:\/\/secure.gravatar.com\/avatar\/97d73f4ed71acc2849c477eaba075653da9f14ac407cf282af648df58ca74d42?s=96&d=mm&r=g","url":"https:\/\/secure.gravatar.com\/avatar\/97d73f4ed71acc2849c477eaba075653da9f14ac407cf282af648df58ca74d42?s=96&d=mm&r=g","contentUrl":"https:\/\/secure.gravatar.com\/avatar\/97d73f4ed71acc2849c477eaba075653da9f14ac407cf282af648df58ca74d42?s=96&d=mm&r=g","caption":"admin"},"sameAs":["https:\/\/swissexcellence.ch"],"url":"https:\/\/www.swisslearning.com\/fr\/author\/maik_u6alppwn\/"}]}},"_links":{"self":[{"href":"https:\/\/www.swisslearning.com\/fr\/wp-json\/wp\/v2\/posts\/13295","targetHints":{"allow":["GET"]}}],"collection":[{"href":"https:\/\/www.swisslearning.com\/fr\/wp-json\/wp\/v2\/posts"}],"about":[{"href":"https:\/\/www.swisslearning.com\/fr\/wp-json\/wp\/v2\/types\/post"}],"author":[{"embeddable":true,"href":"https:\/\/www.swisslearning.com\/fr\/wp-json\/wp\/v2\/users\/1"}],"replies":[{"embeddable":true,"href":"https:\/\/www.swisslearning.com\/fr\/wp-json\/wp\/v2\/comments?post=13295"}],"version-history":[{"count":1,"href":"https:\/\/www.swisslearning.com\/fr\/wp-json\/wp\/v2\/posts\/13295\/revisions"}],"predecessor-version":[{"id":14655,"href":"https:\/\/www.swisslearning.com\/fr\/wp-json\/wp\/v2\/posts\/13295\/revisions\/14655"}],"wp:featuredmedia":[{"embeddable":true,"href":"https:\/\/www.swisslearning.com\/fr\/wp-json\/wp\/v2\/media\/14691"}],"wp:attachment":[{"href":"https:\/\/www.swisslearning.com\/fr\/wp-json\/wp\/v2\/media?parent=13295"}],"wp:term":[{"taxonomy":"category","embeddable":true,"href":"https:\/\/www.swisslearning.com\/fr\/wp-json\/wp\/v2\/categories?post=13295"},{"taxonomy":"post_tag","embeddable":true,"href":"https:\/\/www.swisslearning.com\/fr\/wp-json\/wp\/v2\/tags?post=13295"}],"curies":[{"name":"wp","href":"https:\/\/api.w.org\/{rel}","templated":true}]}}