{"id":13244,"date":"2026-01-30T15:19:22","date_gmt":"2026-01-30T15:19:22","guid":{"rendered":"https:\/\/www.swisslearning.com\/?p=13244"},"modified":"2026-03-03T20:25:43","modified_gmt":"2026-03-03T20:25:43","slug":"swiss-learning-in-paris-in-march-18th-2026","status":"publish","type":"post","link":"https:\/\/www.swisslearning.com\/it\/comingsoon\/swiss-learning-in-paris-in-march-18th-2026\/","title":{"rendered":"Swiss Learning a Parigi il 18 marzo 2026"},"content":{"rendered":"<p class=\"has-text-align-center\">L&#039;Ambasciatrice della Svizzera in Francia, Mme Tania Cavassini, <\/p>\n\n\n\n<p class=\"has-text-align-center\">e M. Christophe-Xavier Clivaz, Fondatore di Swiss Learning,<\/p>\n\n\n\n<p class=\"has-text-align-center\">\u00e8 il piacere di incontrare gli amici della Svizzera a un incontro a tema<\/p>\n\n\n\n<p><\/p>\n\n\n\n<p class=\"has-text-align-center\"><strong>Preparare il figlio a un mondo senza frontiere<\/strong><\/p>\n\n\n\n<p><\/p>\n\n\n\n<p class=\"has-text-align-center\">A quelques heures de Paris, une autre vision de l&#039;\u00e9ducation<\/p>\n\n\n\n<p><\/p>\n\n\n\n<p class=\"has-text-align-center\"><strong>Mercoled\u00ec 18 marzo 2026<\/strong><\/p>\n\n\n\n<p class=\"has-text-align-center\"><strong>18:30 \u2013 21:00<\/strong><\/p>\n\n\n\n<p><\/p>\n\n\n\n<p class=\"has-text-align-center\">Ambasciata di Svizzera<\/p>\n\n\n\n<p class=\"has-text-align-center\">142, rue de Grenelle<\/p>\n\n\n\n<p class=\"has-text-align-center\">75007 Parigi, Francia<\/p>\n\n\n\n<p><\/p>\n\n\n\n<p class=\"has-text-align-center\">Tenue de ville<\/p>\n\n\n\n<p class=\"has-text-align-center\">Durante il cocktail, avrete l&#039;occasione di incontrare i direttori delle scuole e dei campi pi\u00f9 rinomati della Svizzera.<\/p>\n\n\n\n<p class=\"has-text-align-center\">RSVP par ce LIEN<\/p>\n\n\n\n<p class=\"has-text-align-center\">Oppure invia un&#039;e-mail a conference@swisslearning.com<\/p>\n\n\n\n<p class=\"has-text-align-center\"><\/p>\n\n\n\n<div data-wp-interactive=\"core\/file\" class=\"wp-block-file\"><object data-wp-bind--hidden=\"!state.hasPdfPreview\" hidden class=\"wp-block-file__embed\" data=\"https:\/\/www.swisslearning.com\/wp-content\/uploads\/2026\/01\/2026-Invitation-Paris-3.pdf\" type=\"application\/pdf\" style=\"width:100%;height:600px\" aria-label=\"Incorporamento di 2026 Invito Parigi (3).\"><\/object><a id=\"wp-block-file--media-e7fdc681-c759-402a-887e-c0b382906906\" href=\"https:\/\/www.swisslearning.com\/wp-content\/uploads\/2026\/01\/2026-Invitation-Paris-3.pdf\">Invito 2026 Parigi (3)<\/a><a href=\"https:\/\/www.swisslearning.com\/wp-content\/uploads\/2026\/01\/2026-Invitation-Paris-3.pdf\" class=\"wp-block-file__button wp-element-button\" download aria-describedby=\"wp-block-file--media-e7fdc681-c759-402a-887e-c0b382906906\">Scarica<\/a><\/div>","protected":false},"excerpt":{"rendered":"<p>L\u2019Ambassadrice de Suisse en France Mme Tania Cavassini, et M. Christophe-Xavier Clivaz, Fondateur de Swiss Learning, ont le plaisir de convier les amis de la Suisse \u00e0 une rencontre sur le th\u00e8me Pr\u00e9parer son enfant \u00e0 un monde sans fronti\u00e8res \u00c0 quelques heures de Paris, une autre vision de l\u2019\u00e9ducation Mercredi 18 mars 2026 18:30 [&hellip;]<\/p>\n","protected":false},"author":19,"featured_media":13251,"comment_status":"closed","ping_status":"open","sticky":false,"template":"","format":"standard","meta":{"footnotes":""},"categories":[63],"tags":[],"class_list":["post-13244","post","type-post","status-publish","format-standard","has-post-thumbnail","hentry","category-comingsoon"],"yoast_head":"<!-- This site is optimized with the Yoast SEO plugin v27.5 - https:\/\/yoast.com\/product\/yoast-seo-wordpress\/ -->\n<title>Swiss Learning in Lagos 7th May 2025<\/title>\n<meta name=\"description\" content=\"Swiss Learning in Lagos 7th May 2025\" \/>\n<meta name=\"robots\" content=\"index, follow, max-snippet:-1, max-image-preview:large, max-video-preview:-1\" \/>\n<link rel=\"canonical\" href=\"https:\/\/www.swisslearning.com\/it\/comingsoon\/swiss-learning-in-paris-in-march-18th-2026\/\" \/>\n<meta property=\"og:locale\" content=\"it_IT\" \/>\n<meta property=\"og:type\" content=\"article\" \/>\n<meta property=\"og:title\" content=\"Swiss Learning in Lagos 7th May 2025\" \/>\n<meta property=\"og:description\" content=\"Swiss Learning in Lagos 7th May 2025\" \/>\n<meta property=\"og:url\" content=\"https:\/\/www.swisslearning.com\/it\/comingsoon\/swiss-learning-in-paris-in-march-18th-2026\/\" \/>\n<meta property=\"og:site_name\" content=\"Swiss Learning\" \/>\n<meta property=\"article:publisher\" content=\"https:\/\/www.facebook.com\/swisslearning\" \/>\n<meta property=\"article:published_time\" content=\"2026-01-30T15:19:22+00:00\" \/>\n<meta property=\"article:modified_time\" content=\"2026-03-03T20:25:43+00:00\" \/>\n<meta property=\"og:image\" content=\"https:\/\/www.swisslearning.com\/wp-content\/uploads\/2026\/01\/Flag_of_France.svg_.png\" \/>\n\t<meta property=\"og:image:width\" content=\"960\" \/>\n\t<meta property=\"og:image:height\" content=\"640\" \/>\n\t<meta property=\"og:image:type\" content=\"image\/png\" \/>\n<meta name=\"author\" content=\"communications\" \/>\n<meta name=\"twitter:card\" content=\"summary_large_image\" \/>\n<meta name=\"twitter:label1\" content=\"Scritto da\" \/>\n\t<meta name=\"twitter:data1\" content=\"communications\" \/>\n\t<meta name=\"twitter:label2\" content=\"Tempo di lettura stimato\" \/>\n\t<meta name=\"twitter:data2\" content=\"8 minuti\" \/>\n<script type=\"application\/ld+json\" class=\"yoast-schema-graph\">{\"@context\":\"https:\\\/\\\/schema.org\",\"@graph\":[{\"@type\":\"Article\",\"@id\":\"https:\\\/\\\/www.swisslearning.com\\\/comingsoon\\\/swiss-learning-in-paris-in-march-18th-2026\\\/#article\",\"isPartOf\":{\"@id\":\"https:\\\/\\\/www.swisslearning.com\\\/comingsoon\\\/swiss-learning-in-paris-in-march-18th-2026\\\/\"},\"author\":{\"name\":\"communications\",\"@id\":\"https:\\\/\\\/www.swisslearning.com\\\/#\\\/schema\\\/person\\\/0f3fd99c776b3a658fa6e3266b7e196a\"},\"headline\":\"Swiss Learning in Paris in March 18th 2026\",\"datePublished\":\"2026-01-30T15:19:22+00:00\",\"dateModified\":\"2026-03-03T20:25:43+00:00\",\"mainEntityOfPage\":{\"@id\":\"https:\\\/\\\/www.swisslearning.com\\\/comingsoon\\\/swiss-learning-in-paris-in-march-18th-2026\\\/\"},\"wordCount\":109,\"image\":{\"@id\":\"https:\\\/\\\/www.swisslearning.com\\\/comingsoon\\\/swiss-learning-in-paris-in-march-18th-2026\\\/#primaryimage\"},\"thumbnailUrl\":\"https:\\\/\\\/www.swisslearning.com\\\/wp-content\\\/uploads\\\/2026\\\/01\\\/Flag_of_France.svg_.png\",\"articleSection\":[\"Comingsoon\"],\"inLanguage\":\"it-IT\"},{\"@type\":\"WebPage\",\"@id\":\"https:\\\/\\\/www.swisslearning.com\\\/comingsoon\\\/swiss-learning-in-paris-in-march-18th-2026\\\/\",\"url\":\"https:\\\/\\\/www.swisslearning.com\\\/comingsoon\\\/swiss-learning-in-paris-in-march-18th-2026\\\/\",\"name\":\"Swiss Learning in Lagos 7th May 2025\",\"isPartOf\":{\"@id\":\"https:\\\/\\\/www.swisslearning.com\\\/#website\"},\"primaryImageOfPage\":{\"@id\":\"https:\\\/\\\/www.swisslearning.com\\\/comingsoon\\\/swiss-learning-in-paris-in-march-18th-2026\\\/#primaryimage\"},\"image\":{\"@id\":\"https:\\\/\\\/www.swisslearning.com\\\/comingsoon\\\/swiss-learning-in-paris-in-march-18th-2026\\\/#primaryimage\"},\"thumbnailUrl\":\"https:\\\/\\\/www.swisslearning.com\\\/wp-content\\\/uploads\\\/2026\\\/01\\\/Flag_of_France.svg_.png\",\"datePublished\":\"2026-01-30T15:19:22+00:00\",\"dateModified\":\"2026-03-03T20:25:43+00:00\",\"author\":{\"@id\":\"https:\\\/\\\/www.swisslearning.com\\\/#\\\/schema\\\/person\\\/0f3fd99c776b3a658fa6e3266b7e196a\"},\"description\":\"Swiss Learning in Lagos 7th May 2025\",\"breadcrumb\":{\"@id\":\"https:\\\/\\\/www.swisslearning.com\\\/comingsoon\\\/swiss-learning-in-paris-in-march-18th-2026\\\/#breadcrumb\"},\"inLanguage\":\"it-IT\",\"potentialAction\":[{\"@type\":\"ReadAction\",\"target\":[\"https:\\\/\\\/www.swisslearning.com\\\/comingsoon\\\/swiss-learning-in-paris-in-march-18th-2026\\\/\"]}]},{\"@type\":\"ImageObject\",\"inLanguage\":\"it-IT\",\"@id\":\"https:\\\/\\\/www.swisslearning.com\\\/comingsoon\\\/swiss-learning-in-paris-in-march-18th-2026\\\/#primaryimage\",\"url\":\"https:\\\/\\\/www.swisslearning.com\\\/wp-content\\\/uploads\\\/2026\\\/01\\\/Flag_of_France.svg_.png\",\"contentUrl\":\"https:\\\/\\\/www.swisslearning.com\\\/wp-content\\\/uploads\\\/2026\\\/01\\\/Flag_of_France.svg_.png\",\"width\":960,\"height\":640},{\"@type\":\"BreadcrumbList\",\"@id\":\"https:\\\/\\\/www.swisslearning.com\\\/comingsoon\\\/swiss-learning-in-paris-in-march-18th-2026\\\/#breadcrumb\",\"itemListElement\":[{\"@type\":\"ListItem\",\"position\":1,\"name\":\"Home\",\"item\":\"https:\\\/\\\/www.swisslearning.com\\\/\"},{\"@type\":\"ListItem\",\"position\":2,\"name\":\"Swiss Learning in Paris in March 18th 2026\"}]},{\"@type\":\"WebSite\",\"@id\":\"https:\\\/\\\/www.swisslearning.com\\\/#website\",\"url\":\"https:\\\/\\\/www.swisslearning.com\\\/\",\"name\":\"Swiss Learning\",\"description\":\"BOARDING SCHOOLS, HOTEL MANAGEMENT SCHOOLS AND CAMPS IN SWITZERLAND\",\"potentialAction\":[{\"@type\":\"SearchAction\",\"target\":{\"@type\":\"EntryPoint\",\"urlTemplate\":\"https:\\\/\\\/www.swisslearning.com\\\/?s={search_term_string}\"},\"query-input\":{\"@type\":\"PropertyValueSpecification\",\"valueRequired\":true,\"valueName\":\"search_term_string\"}}],\"inLanguage\":\"it-IT\"},{\"@type\":\"Person\",\"@id\":\"https:\\\/\\\/www.swisslearning.com\\\/#\\\/schema\\\/person\\\/0f3fd99c776b3a658fa6e3266b7e196a\",\"name\":\"communications\",\"image\":{\"@type\":\"ImageObject\",\"inLanguage\":\"it-IT\",\"@id\":\"https:\\\/\\\/secure.gravatar.com\\\/avatar\\\/0f6667a8dc6b387649b3ade1d1f9b423a1deb30269faf07c7063cc993e0c7312?s=96&d=mm&r=g\",\"url\":\"https:\\\/\\\/secure.gravatar.com\\\/avatar\\\/0f6667a8dc6b387649b3ade1d1f9b423a1deb30269faf07c7063cc993e0c7312?s=96&d=mm&r=g\",\"contentUrl\":\"https:\\\/\\\/secure.gravatar.com\\\/avatar\\\/0f6667a8dc6b387649b3ade1d1f9b423a1deb30269faf07c7063cc993e0c7312?s=96&d=mm&r=g\",\"caption\":\"communications\"},\"url\":\"https:\\\/\\\/www.swisslearning.com\\\/it\\\/author\\\/communications\\\/\"}]}<\/script>\n<!-- \/ Yoast SEO plugin. -->","yoast_head_json":{"title":"Swiss Learning a Lagos il 7 maggio 2025","description":"Swiss Learning a Lagos il 7 maggio 2025","robots":{"index":"index","follow":"follow","max-snippet":"max-snippet:-1","max-image-preview":"max-image-preview:large","max-video-preview":"max-video-preview:-1"},"canonical":"https:\/\/www.swisslearning.com\/it\/comingsoon\/swiss-learning-in-paris-in-march-18th-2026\/","og_locale":"it_IT","og_type":"article","og_title":"Swiss Learning in Lagos 7th May 2025","og_description":"Swiss Learning in Lagos 7th May 2025","og_url":"https:\/\/www.swisslearning.com\/it\/comingsoon\/swiss-learning-in-paris-in-march-18th-2026\/","og_site_name":"Swiss Learning","article_publisher":"https:\/\/www.facebook.com\/swisslearning","article_published_time":"2026-01-30T15:19:22+00:00","article_modified_time":"2026-03-03T20:25:43+00:00","og_image":[{"width":960,"height":640,"url":"https:\/\/www.swisslearning.com\/wp-content\/uploads\/2026\/01\/Flag_of_France.svg_.png","type":"image\/png"}],"author":"communications","twitter_card":"summary_large_image","twitter_misc":{"Scritto da":"communications","Tempo di lettura stimato":"8 minuti"},"schema":{"@context":"https:\/\/schema.org","@graph":[{"@type":"Article","@id":"https:\/\/www.swisslearning.com\/comingsoon\/swiss-learning-in-paris-in-march-18th-2026\/#article","isPartOf":{"@id":"https:\/\/www.swisslearning.com\/comingsoon\/swiss-learning-in-paris-in-march-18th-2026\/"},"author":{"name":"communications","@id":"https:\/\/www.swisslearning.com\/#\/schema\/person\/0f3fd99c776b3a658fa6e3266b7e196a"},"headline":"Swiss Learning in Paris in March 18th 2026","datePublished":"2026-01-30T15:19:22+00:00","dateModified":"2026-03-03T20:25:43+00:00","mainEntityOfPage":{"@id":"https:\/\/www.swisslearning.com\/comingsoon\/swiss-learning-in-paris-in-march-18th-2026\/"},"wordCount":109,"image":{"@id":"https:\/\/www.swisslearning.com\/comingsoon\/swiss-learning-in-paris-in-march-18th-2026\/#primaryimage"},"thumbnailUrl":"https:\/\/www.swisslearning.com\/wp-content\/uploads\/2026\/01\/Flag_of_France.svg_.png","articleSection":["Comingsoon"],"inLanguage":"it-IT"},{"@type":"WebPage","@id":"https:\/\/www.swisslearning.com\/comingsoon\/swiss-learning-in-paris-in-march-18th-2026\/","url":"https:\/\/www.swisslearning.com\/comingsoon\/swiss-learning-in-paris-in-march-18th-2026\/","name":"Swiss Learning a Lagos il 7 maggio 2025","isPartOf":{"@id":"https:\/\/www.swisslearning.com\/#website"},"primaryImageOfPage":{"@id":"https:\/\/www.swisslearning.com\/comingsoon\/swiss-learning-in-paris-in-march-18th-2026\/#primaryimage"},"image":{"@id":"https:\/\/www.swisslearning.com\/comingsoon\/swiss-learning-in-paris-in-march-18th-2026\/#primaryimage"},"thumbnailUrl":"https:\/\/www.swisslearning.com\/wp-content\/uploads\/2026\/01\/Flag_of_France.svg_.png","datePublished":"2026-01-30T15:19:22+00:00","dateModified":"2026-03-03T20:25:43+00:00","author":{"@id":"https:\/\/www.swisslearning.com\/#\/schema\/person\/0f3fd99c776b3a658fa6e3266b7e196a"},"description":"Swiss Learning a Lagos il 7 maggio 2025","breadcrumb":{"@id":"https:\/\/www.swisslearning.com\/comingsoon\/swiss-learning-in-paris-in-march-18th-2026\/#breadcrumb"},"inLanguage":"it-IT","potentialAction":[{"@type":"ReadAction","target":["https:\/\/www.swisslearning.com\/comingsoon\/swiss-learning-in-paris-in-march-18th-2026\/"]}]},{"@type":"ImageObject","inLanguage":"it-IT","@id":"https:\/\/www.swisslearning.com\/comingsoon\/swiss-learning-in-paris-in-march-18th-2026\/#primaryimage","url":"https:\/\/www.swisslearning.com\/wp-content\/uploads\/2026\/01\/Flag_of_France.svg_.png","contentUrl":"https:\/\/www.swisslearning.com\/wp-content\/uploads\/2026\/01\/Flag_of_France.svg_.png","width":960,"height":640},{"@type":"BreadcrumbList","@id":"https:\/\/www.swisslearning.com\/comingsoon\/swiss-learning-in-paris-in-march-18th-2026\/#breadcrumb","itemListElement":[{"@type":"ListItem","position":1,"name":"Home","item":"https:\/\/www.swisslearning.com\/"},{"@type":"ListItem","position":2,"name":"Swiss Learning in Paris in March 18th 2026"}]},{"@type":"WebSite","@id":"https:\/\/www.swisslearning.com\/#website","url":"https:\/\/www.swisslearning.com\/","name":"Apprendimento svizzero","description":"CONVITI, SCUOLE DI GESTIONE ALBERGHIERA E CAMPEGGI IN SVIZZERA","potentialAction":[{"@type":"SearchAction","target":{"@type":"EntryPoint","urlTemplate":"https:\/\/www.swisslearning.com\/?s={search_term_string}"},"query-input":{"@type":"PropertyValueSpecification","valueRequired":true,"valueName":"search_term_string"}}],"inLanguage":"it-IT"},{"@type":"Person","@id":"https:\/\/www.swisslearning.com\/#\/schema\/person\/0f3fd99c776b3a658fa6e3266b7e196a","name":"comunicazioni","image":{"@type":"ImageObject","inLanguage":"it-IT","@id":"https:\/\/secure.gravatar.com\/avatar\/0f6667a8dc6b387649b3ade1d1f9b423a1deb30269faf07c7063cc993e0c7312?s=96&d=mm&r=g","url":"https:\/\/secure.gravatar.com\/avatar\/0f6667a8dc6b387649b3ade1d1f9b423a1deb30269faf07c7063cc993e0c7312?s=96&d=mm&r=g","contentUrl":"https:\/\/secure.gravatar.com\/avatar\/0f6667a8dc6b387649b3ade1d1f9b423a1deb30269faf07c7063cc993e0c7312?s=96&d=mm&r=g","caption":"communications"},"url":"https:\/\/www.swisslearning.com\/it\/author\/communications\/"}]}},"_links":{"self":[{"href":"https:\/\/www.swisslearning.com\/it\/wp-json\/wp\/v2\/posts\/13244","targetHints":{"allow":["GET"]}}],"collection":[{"href":"https:\/\/www.swisslearning.com\/it\/wp-json\/wp\/v2\/posts"}],"about":[{"href":"https:\/\/www.swisslearning.com\/it\/wp-json\/wp\/v2\/types\/post"}],"author":[{"embeddable":true,"href":"https:\/\/www.swisslearning.com\/it\/wp-json\/wp\/v2\/users\/19"}],"replies":[{"embeddable":true,"href":"https:\/\/www.swisslearning.com\/it\/wp-json\/wp\/v2\/comments?post=13244"}],"version-history":[{"count":8,"href":"https:\/\/www.swisslearning.com\/it\/wp-json\/wp\/v2\/posts\/13244\/revisions"}],"predecessor-version":[{"id":13434,"href":"https:\/\/www.swisslearning.com\/it\/wp-json\/wp\/v2\/posts\/13244\/revisions\/13434"}],"wp:featuredmedia":[{"embeddable":true,"href":"https:\/\/www.swisslearning.com\/it\/wp-json\/wp\/v2\/media\/13251"}],"wp:attachment":[{"href":"https:\/\/www.swisslearning.com\/it\/wp-json\/wp\/v2\/media?parent=13244"}],"wp:term":[{"taxonomy":"category","embeddable":true,"href":"https:\/\/www.swisslearning.com\/it\/wp-json\/wp\/v2\/categories?post=13244"},{"taxonomy":"post_tag","embeddable":true,"href":"https:\/\/www.swisslearning.com\/it\/wp-json\/wp\/v2\/tags?post=13244"}],"curies":[{"name":"wp","href":"https:\/\/api.w.org\/{rel}","templated":true}]}}