{"id":12874,"date":"2025-09-09T05:03:41","date_gmt":"2025-09-09T05:03:41","guid":{"rendered":"https:\/\/www.swisslearning.com\/?p=12874"},"modified":"2025-09-23T05:06:10","modified_gmt":"2025-09-23T05:06:10","slug":"tasis-university-day-connects-students-with-university-admissions-experts","status":"publish","type":"post","link":"https:\/\/www.swisslearning.com\/pt\/news\/tasis-university-day-connects-students-with-university-admissions-experts\/","title":{"rendered":"O Dia Universit\u00e1rio da TASIS conecta estudantes com especialistas em admiss\u00e3o universit\u00e1ria"},"content":{"rendered":"<p><\/p>\n\n\n\n<p>A TASIS, Escola Americana na Su\u00ed\u00e7a, teve o prazer de receber especialistas em admiss\u00e3o da Universidade de Cambridge, da Universidade do Sul da Calif\u00f3rnia e da Escola de Neg\u00f3cios e Direito da ESADE \u2014 juntamente com a Dra. Eleanor Parker, Especialista em Transi\u00e7\u00f5es e Inclus\u00e3o de Estudantes da Universidade de Oxford \u2014 no campus em 3 de setembro para oferecer uma s\u00e9rie de workshops e sess\u00f5es de perguntas e respostas para alunos do 12\u00ba ano e seus pais. O evento foi liderado pela&nbsp;<a href=\"https:\/\/www.tasis.ch\/academics\/college-counseling\" target=\"_blank\" rel=\"noreferrer noopener\">Equipe de Aconselhamento Universit\u00e1rio da TASIS<\/a>, que est\u00e1 sempre buscando maneiras de conectar alunos do ensino m\u00e9dio com representantes de admiss\u00e3o, tanto&nbsp;<a href=\"https:\/\/www.tasis.ch\/about\/blog\/blog-article\/~board\/blog\/post\/tasis-welcomes-representatives-from-71-universities\" target=\"_blank\" rel=\"noreferrer noopener\">sobre<\/a>&nbsp;e&nbsp;<a href=\"https:\/\/www.tasis.ch\/about\/blog\/blog-article\/~board\/blog\/post\/tasis-students-visit-universities-in-london\" target=\"_blank\" rel=\"noreferrer noopener\">desligado<\/a>&nbsp;campus.<\/p>\n\n\n\n<figure class=\"wp-block-image\"><img decoding=\"async\" src=\"https:\/\/resources.finalsite.net\/images\/f_auto,q_auto,t_image_size_3\/v1757079048\/tasislugano\/f3ima01em0sldkzvh8ph\/blog_uni_day_2025_02.jpg\" alt=\"Dia da Universidade\"\/><\/figure>\n\n\n\n<p>O dia come\u00e7ou com sess\u00f5es opcionais de atendimento durante os per\u00edodos de almo\u00e7o, nas quais os alunos puderam se reunir individualmente com os representantes da universidade para receber feedback personalizado sobre suas Declara\u00e7\u00f5es Pessoais ou reda\u00e7\u00f5es de inscri\u00e7\u00e3o \u2014 uma oportunidade \u00fanica que muitos alunos do 12\u00ba ano aproveitaram.<\/p>\n\n\n\n<figure class=\"wp-block-image\"><img decoding=\"async\" src=\"https:\/\/resources.finalsite.net\/images\/f_auto,q_auto,t_image_size_3\/v1757079048\/tasislugano\/ggcl4abz8jughxdsykk5\/blog_uni_day_2025_03.jpg\" alt=\"Dia da Universidade\"\/><\/figure>\n\n\n\n<p>Os visitantes ent\u00e3o realizaram uma oficina na Casa Fleming que levou os pais&nbsp;<a href=\"https:\/\/docs.google.com\/presentation\/d\/1XCc8Jbk8bbNcSKgX9ktgtRjeRBeKnj7n\/edit?usp=sharing&amp;ouid=104011533642295770825&amp;rtpof=true&amp;sd=true\" target=\"_blank\" rel=\"noreferrer noopener\">conselhos pr\u00e1ticos para preparar os filhos para a transi\u00e7\u00e3o para a universidade<\/a>. Em seguida, houve uma sess\u00e3o de perguntas e respostas para os pais que desejavam saber mais sobre o processo de admiss\u00e3o na universidade.<\/p>\n\n\n\n<p>Mais tarde, \u00e0 tarde, todos os alunos do 12\u00ba ano participaram de uma sess\u00e3o no Centro Cultural Palmer, na qual o Diretor de Aconselhamento Universit\u00e1rio e Universit\u00e1rio da TASIS&nbsp;<a href=\"https:\/\/www.tasis.ch\/about\/blog\/blog-article\/~board\/blog\/post\/faculty-feature-ms-johanna-fishbein\" target=\"_blank\" rel=\"noreferrer noopener\">Johanna Fishbein<\/a>&nbsp;apresentou os quatro convidados, que ent\u00e3o discutiram algumas das principais diferen\u00e7as entre universidades nos Estados Unidos, no Reino Unido e em outros pa\u00edses europeus, al\u00e9m de fornecer alguns conselhos gerais sobre como abordar o processo de admiss\u00e3o \u00e0 faculdade e se preparar para a transi\u00e7\u00e3o do ensino m\u00e9dio para a universidade.<\/p>\n\n\n\n<figure class=\"wp-block-image\"><img decoding=\"async\" src=\"https:\/\/resources.finalsite.net\/images\/f_auto,q_auto,t_image_size_3\/v1757079049\/tasislugano\/x3msnrlclh5av8xujdqe\/blog_uni_day_2025_05.jpg\" alt=\"Dia da Universidade\"\/><\/figure>\n\n\n\n<p>Assim que as aulas terminaram, os representantes da universidade conduziram duas sess\u00f5es de oficina de 45 minutos, nas quais os alunos puderam escolher entre aprender mais sobre diversos t\u00f3picos. As op\u00e7\u00f5es de oficina inclu\u00edam &quot;Transi\u00e7\u00e3o para a Universidade&quot;, &quot;Candidatura a Universidades na Europa&quot;, &quot;Atividades Supercurriculares e Declara\u00e7\u00f5es Pessoais da UCAS&quot; e &quot;Reda\u00e7\u00f5es Suplementares sobre os EUA&quot;.<\/p>\n\n\n\n<figure class=\"wp-block-image\"><img decoding=\"async\" src=\"https:\/\/resources.finalsite.net\/images\/f_auto,q_auto,t_image_size_3\/v1757079048\/tasislugano\/fww0jejzjkza8tlzkkkz\/blog_uni_day_2025_06.jpg\" alt=\"Dia da Universidade\"\/><\/figure>\n\n\n\n<p>O dia altamente produtivo terminou com um painel de ex-alunos no Palestra, no qual tr\u00eas formandos recentes da TASIS \u2014 Jane Wilson &#039;22, Moritz Mohr &#039;20 e Sky Rourke &#039;20 \u2014 discutiram suas jornadas p\u00f3s-secund\u00e1rias e responderam \u00e0s perguntas dos atuais alunos da TASIS antes de desfrutarem de uma festa de pizza juntos no Kay Hamblin Terrace.<\/p>\n\n\n\n<figure class=\"wp-block-image\"><img decoding=\"async\" src=\"https:\/\/resources.finalsite.net\/images\/f_auto,q_auto,t_image_size_3\/v1757079048\/tasislugano\/wwmhkbfqax7t3rylmlhc\/blog_uni_day_2025_07.jpg\" alt=\"Dia da Universidade\"\/><\/figure>\n\n\n\n<p>\u201cSomos gratos ao nosso diretor e a toda a escola por apoiarem este evento de todo o cora\u00e7\u00e3o, e nos sentimos muito afortunados por poder trazer l\u00edderes na \u00e1rea do ensino superior ao campus para compartilhar sua sabedoria com nossos alunos\u201d, disse a Sra. Fishbein, que trabalha incansavelmente ao lado dos conselheiros universit\u00e1rios e universit\u00e1rios Conor Fritz e Sam Wickham para ajudar os alunos do \u00faltimo ano da TASIS.&nbsp;<a href=\"https:\/\/www.tasis.ch\/about\/blog\/blog-article\/~board\/blog\/post\/class-of-2025-universities\" target=\"_blank\" rel=\"noreferrer noopener\">encontre a universidade certa<\/a>&nbsp;Ano ap\u00f3s ano. &quot;O aconselhamento especializado oferecido por esses profissionais talentosos foi inestim\u00e1vel e complementa perfeitamente nossas aulas de Apoio Universit\u00e1rio e nossas reuni\u00f5es individuais de orienta\u00e7\u00e3o universit\u00e1ria com nossos alunos. Estamos confiantes de que nossos alunos do 12\u00ba ano agora se sentem prontos para mergulhar no processo de inscri\u00e7\u00e3o na universidade!&quot;<\/p>\n\n\n\n<p><\/p>\n\n\n\n<p><\/p>\n\n\n\n<p><a href=\"https:\/\/www.las.ch\/about\/news-events\/las-blog\/~board\/las-blogs\/post\/student-learning-and-growth-found-in-travel\"><\/a><\/p>\n\n\n\n<p><\/p>","protected":false},"excerpt":{"rendered":"<p>TASIS The American School in Switzerland was delighted to welcome admissions experts from University of Cambridge, University of Southern California, and ESADE Business and Law School\u2014along with Dr. Eleanor Parker, a Student Transitions and Inclusion Specialist from the University of Oxford\u2014to campus on September 3 to offer a range of workshops and question-and-answer sessions for [&hellip;]<\/p>\n","protected":false},"author":3,"featured_media":12875,"comment_status":"closed","ping_status":"open","sticky":false,"template":"","format":"standard","meta":{"footnotes":""},"categories":[31],"tags":[],"class_list":["post-12874","post","type-post","status-publish","format-standard","has-post-thumbnail","hentry","category-news"],"yoast_head":"<!-- This site is optimized with the Yoast SEO plugin v27.5 - https:\/\/yoast.com\/product\/yoast-seo-wordpress\/ -->\n<title>TASIS University Day Connects Students With University Admissions Experts<\/title>\n<meta name=\"description\" content=\"TASIS University Day Connects Students With University Admissions Experts\" \/>\n<meta name=\"robots\" content=\"index, follow, max-snippet:-1, max-image-preview:large, max-video-preview:-1\" \/>\n<link rel=\"canonical\" href=\"https:\/\/www.swisslearning.com\/pt\/news\/tasis-university-day-connects-students-with-university-admissions-experts\/\" \/>\n<meta property=\"og:locale\" content=\"pt_BR\" \/>\n<meta property=\"og:type\" content=\"article\" \/>\n<meta property=\"og:title\" content=\"TASIS University Day Connects Students With University Admissions Experts\" \/>\n<meta property=\"og:description\" content=\"TASIS University Day Connects Students With University Admissions Experts\" \/>\n<meta property=\"og:url\" content=\"https:\/\/www.swisslearning.com\/pt\/news\/tasis-university-day-connects-students-with-university-admissions-experts\/\" \/>\n<meta property=\"og:site_name\" content=\"Swiss Learning\" \/>\n<meta property=\"article:publisher\" content=\"https:\/\/www.facebook.com\/swisslearning\" \/>\n<meta property=\"article:published_time\" content=\"2025-09-09T05:03:41+00:00\" \/>\n<meta property=\"article:modified_time\" content=\"2025-09-23T05:06:10+00:00\" \/>\n<meta property=\"og:image\" content=\"https:\/\/www.swisslearning.com\/wp-content\/uploads\/2025\/09\/blog_uni_day_2025_04.webp\" \/>\n\t<meta property=\"og:image:width\" content=\"800\" \/>\n\t<meta property=\"og:image:height\" content=\"533\" \/>\n\t<meta property=\"og:image:type\" content=\"image\/webp\" \/>\n<meta name=\"author\" content=\"Isabelle\" \/>\n<meta name=\"twitter:card\" content=\"summary_large_image\" \/>\n<meta name=\"twitter:label1\" content=\"Escrito por\" \/>\n\t<meta name=\"twitter:data1\" content=\"Isabelle\" \/>\n\t<meta name=\"twitter:label2\" content=\"Est. tempo de leitura\" \/>\n\t<meta name=\"twitter:data2\" content=\"6 minutos\" \/>\n<script type=\"application\/ld+json\" class=\"yoast-schema-graph\">{\"@context\":\"https:\\\/\\\/schema.org\",\"@graph\":[{\"@type\":\"Article\",\"@id\":\"https:\\\/\\\/www.swisslearning.com\\\/news\\\/tasis-university-day-connects-students-with-university-admissions-experts\\\/#article\",\"isPartOf\":{\"@id\":\"https:\\\/\\\/www.swisslearning.com\\\/news\\\/tasis-university-day-connects-students-with-university-admissions-experts\\\/\"},\"author\":{\"name\":\"Isabelle\",\"@id\":\"https:\\\/\\\/www.swisslearning.com\\\/#\\\/schema\\\/person\\\/512a780e070f7061a72b72aa9cdcc844\"},\"headline\":\"TASIS University Day Connects Students With University Admissions Experts\",\"datePublished\":\"2025-09-09T05:03:41+00:00\",\"dateModified\":\"2025-09-23T05:06:10+00:00\",\"mainEntityOfPage\":{\"@id\":\"https:\\\/\\\/www.swisslearning.com\\\/news\\\/tasis-university-day-connects-students-with-university-admissions-experts\\\/\"},\"wordCount\":477,\"image\":{\"@id\":\"https:\\\/\\\/www.swisslearning.com\\\/news\\\/tasis-university-day-connects-students-with-university-admissions-experts\\\/#primaryimage\"},\"thumbnailUrl\":\"https:\\\/\\\/www.swisslearning.com\\\/wp-content\\\/uploads\\\/2025\\\/09\\\/blog_uni_day_2025_04.webp\",\"articleSection\":[\"News\"],\"inLanguage\":\"pt-BR\"},{\"@type\":\"WebPage\",\"@id\":\"https:\\\/\\\/www.swisslearning.com\\\/news\\\/tasis-university-day-connects-students-with-university-admissions-experts\\\/\",\"url\":\"https:\\\/\\\/www.swisslearning.com\\\/news\\\/tasis-university-day-connects-students-with-university-admissions-experts\\\/\",\"name\":\"TASIS University Day Connects Students With University Admissions Experts\",\"isPartOf\":{\"@id\":\"https:\\\/\\\/www.swisslearning.com\\\/#website\"},\"primaryImageOfPage\":{\"@id\":\"https:\\\/\\\/www.swisslearning.com\\\/news\\\/tasis-university-day-connects-students-with-university-admissions-experts\\\/#primaryimage\"},\"image\":{\"@id\":\"https:\\\/\\\/www.swisslearning.com\\\/news\\\/tasis-university-day-connects-students-with-university-admissions-experts\\\/#primaryimage\"},\"thumbnailUrl\":\"https:\\\/\\\/www.swisslearning.com\\\/wp-content\\\/uploads\\\/2025\\\/09\\\/blog_uni_day_2025_04.webp\",\"datePublished\":\"2025-09-09T05:03:41+00:00\",\"dateModified\":\"2025-09-23T05:06:10+00:00\",\"author\":{\"@id\":\"https:\\\/\\\/www.swisslearning.com\\\/#\\\/schema\\\/person\\\/512a780e070f7061a72b72aa9cdcc844\"},\"description\":\"TASIS University Day Connects Students With University Admissions Experts\",\"breadcrumb\":{\"@id\":\"https:\\\/\\\/www.swisslearning.com\\\/news\\\/tasis-university-day-connects-students-with-university-admissions-experts\\\/#breadcrumb\"},\"inLanguage\":\"pt-BR\",\"potentialAction\":[{\"@type\":\"ReadAction\",\"target\":[\"https:\\\/\\\/www.swisslearning.com\\\/news\\\/tasis-university-day-connects-students-with-university-admissions-experts\\\/\"]}]},{\"@type\":\"ImageObject\",\"inLanguage\":\"pt-BR\",\"@id\":\"https:\\\/\\\/www.swisslearning.com\\\/news\\\/tasis-university-day-connects-students-with-university-admissions-experts\\\/#primaryimage\",\"url\":\"https:\\\/\\\/www.swisslearning.com\\\/wp-content\\\/uploads\\\/2025\\\/09\\\/blog_uni_day_2025_04.webp\",\"contentUrl\":\"https:\\\/\\\/www.swisslearning.com\\\/wp-content\\\/uploads\\\/2025\\\/09\\\/blog_uni_day_2025_04.webp\",\"width\":800,\"height\":533},{\"@type\":\"BreadcrumbList\",\"@id\":\"https:\\\/\\\/www.swisslearning.com\\\/news\\\/tasis-university-day-connects-students-with-university-admissions-experts\\\/#breadcrumb\",\"itemListElement\":[{\"@type\":\"ListItem\",\"position\":1,\"name\":\"Home\",\"item\":\"https:\\\/\\\/www.swisslearning.com\\\/\"},{\"@type\":\"ListItem\",\"position\":2,\"name\":\"TASIS University Day Connects Students With University Admissions Experts\"}]},{\"@type\":\"WebSite\",\"@id\":\"https:\\\/\\\/www.swisslearning.com\\\/#website\",\"url\":\"https:\\\/\\\/www.swisslearning.com\\\/\",\"name\":\"Swiss Learning\",\"description\":\"BOARDING SCHOOLS, HOTEL MANAGEMENT SCHOOLS AND CAMPS IN SWITZERLAND\",\"potentialAction\":[{\"@type\":\"SearchAction\",\"target\":{\"@type\":\"EntryPoint\",\"urlTemplate\":\"https:\\\/\\\/www.swisslearning.com\\\/?s={search_term_string}\"},\"query-input\":{\"@type\":\"PropertyValueSpecification\",\"valueRequired\":true,\"valueName\":\"search_term_string\"}}],\"inLanguage\":\"pt-BR\"},{\"@type\":\"Person\",\"@id\":\"https:\\\/\\\/www.swisslearning.com\\\/#\\\/schema\\\/person\\\/512a780e070f7061a72b72aa9cdcc844\",\"name\":\"Isabelle\",\"image\":{\"@type\":\"ImageObject\",\"inLanguage\":\"pt-BR\",\"@id\":\"https:\\\/\\\/secure.gravatar.com\\\/avatar\\\/fe546a12218bf41a42b91135de2222e01f5b175bea26679715cc0130484df73f?s=96&d=mm&r=g\",\"url\":\"https:\\\/\\\/secure.gravatar.com\\\/avatar\\\/fe546a12218bf41a42b91135de2222e01f5b175bea26679715cc0130484df73f?s=96&d=mm&r=g\",\"contentUrl\":\"https:\\\/\\\/secure.gravatar.com\\\/avatar\\\/fe546a12218bf41a42b91135de2222e01f5b175bea26679715cc0130484df73f?s=96&d=mm&r=g\",\"caption\":\"Isabelle\"},\"url\":\"https:\\\/\\\/www.swisslearning.com\\\/pt\\\/author\\\/isabelle\\\/\"}]}<\/script>\n<!-- \/ Yoast SEO plugin. -->","yoast_head_json":{"title":"O Dia Universit\u00e1rio da TASIS conecta estudantes com especialistas em admiss\u00e3o universit\u00e1ria","description":"O Dia Universit\u00e1rio da TASIS conecta estudantes com especialistas em admiss\u00e3o universit\u00e1ria","robots":{"index":"index","follow":"follow","max-snippet":"max-snippet:-1","max-image-preview":"max-image-preview:large","max-video-preview":"max-video-preview:-1"},"canonical":"https:\/\/www.swisslearning.com\/pt\/news\/tasis-university-day-connects-students-with-university-admissions-experts\/","og_locale":"pt_BR","og_type":"article","og_title":"TASIS University Day Connects Students With University Admissions Experts","og_description":"TASIS University Day Connects Students With University Admissions Experts","og_url":"https:\/\/www.swisslearning.com\/pt\/news\/tasis-university-day-connects-students-with-university-admissions-experts\/","og_site_name":"Swiss Learning","article_publisher":"https:\/\/www.facebook.com\/swisslearning","article_published_time":"2025-09-09T05:03:41+00:00","article_modified_time":"2025-09-23T05:06:10+00:00","og_image":[{"width":800,"height":533,"url":"https:\/\/www.swisslearning.com\/wp-content\/uploads\/2025\/09\/blog_uni_day_2025_04.webp","type":"image\/webp"}],"author":"Isabelle","twitter_card":"summary_large_image","twitter_misc":{"Escrito por":"Isabelle","Est. tempo de leitura":"6 minutos"},"schema":{"@context":"https:\/\/schema.org","@graph":[{"@type":"Article","@id":"https:\/\/www.swisslearning.com\/news\/tasis-university-day-connects-students-with-university-admissions-experts\/#article","isPartOf":{"@id":"https:\/\/www.swisslearning.com\/news\/tasis-university-day-connects-students-with-university-admissions-experts\/"},"author":{"name":"Isabelle","@id":"https:\/\/www.swisslearning.com\/#\/schema\/person\/512a780e070f7061a72b72aa9cdcc844"},"headline":"TASIS University Day Connects Students With University Admissions Experts","datePublished":"2025-09-09T05:03:41+00:00","dateModified":"2025-09-23T05:06:10+00:00","mainEntityOfPage":{"@id":"https:\/\/www.swisslearning.com\/news\/tasis-university-day-connects-students-with-university-admissions-experts\/"},"wordCount":477,"image":{"@id":"https:\/\/www.swisslearning.com\/news\/tasis-university-day-connects-students-with-university-admissions-experts\/#primaryimage"},"thumbnailUrl":"https:\/\/www.swisslearning.com\/wp-content\/uploads\/2025\/09\/blog_uni_day_2025_04.webp","articleSection":["News"],"inLanguage":"pt-BR"},{"@type":"WebPage","@id":"https:\/\/www.swisslearning.com\/news\/tasis-university-day-connects-students-with-university-admissions-experts\/","url":"https:\/\/www.swisslearning.com\/news\/tasis-university-day-connects-students-with-university-admissions-experts\/","name":"O Dia Universit\u00e1rio da TASIS conecta estudantes com especialistas em admiss\u00e3o universit\u00e1ria","isPartOf":{"@id":"https:\/\/www.swisslearning.com\/#website"},"primaryImageOfPage":{"@id":"https:\/\/www.swisslearning.com\/news\/tasis-university-day-connects-students-with-university-admissions-experts\/#primaryimage"},"image":{"@id":"https:\/\/www.swisslearning.com\/news\/tasis-university-day-connects-students-with-university-admissions-experts\/#primaryimage"},"thumbnailUrl":"https:\/\/www.swisslearning.com\/wp-content\/uploads\/2025\/09\/blog_uni_day_2025_04.webp","datePublished":"2025-09-09T05:03:41+00:00","dateModified":"2025-09-23T05:06:10+00:00","author":{"@id":"https:\/\/www.swisslearning.com\/#\/schema\/person\/512a780e070f7061a72b72aa9cdcc844"},"description":"O Dia Universit\u00e1rio da TASIS conecta estudantes com especialistas em admiss\u00e3o universit\u00e1ria","breadcrumb":{"@id":"https:\/\/www.swisslearning.com\/news\/tasis-university-day-connects-students-with-university-admissions-experts\/#breadcrumb"},"inLanguage":"pt-BR","potentialAction":[{"@type":"ReadAction","target":["https:\/\/www.swisslearning.com\/news\/tasis-university-day-connects-students-with-university-admissions-experts\/"]}]},{"@type":"ImageObject","inLanguage":"pt-BR","@id":"https:\/\/www.swisslearning.com\/news\/tasis-university-day-connects-students-with-university-admissions-experts\/#primaryimage","url":"https:\/\/www.swisslearning.com\/wp-content\/uploads\/2025\/09\/blog_uni_day_2025_04.webp","contentUrl":"https:\/\/www.swisslearning.com\/wp-content\/uploads\/2025\/09\/blog_uni_day_2025_04.webp","width":800,"height":533},{"@type":"BreadcrumbList","@id":"https:\/\/www.swisslearning.com\/news\/tasis-university-day-connects-students-with-university-admissions-experts\/#breadcrumb","itemListElement":[{"@type":"ListItem","position":1,"name":"Home","item":"https:\/\/www.swisslearning.com\/"},{"@type":"ListItem","position":2,"name":"TASIS University Day Connects Students With University Admissions Experts"}]},{"@type":"WebSite","@id":"https:\/\/www.swisslearning.com\/#website","url":"https:\/\/www.swisslearning.com\/","name":"Swiss Learning","description":"ESCOLAS DE EMBARQUE, ESCOLAS DE GEST\u00c3O DE HOTELARIA E CAMPS NA SU\u00cd\u00c7A","potentialAction":[{"@type":"SearchAction","target":{"@type":"EntryPoint","urlTemplate":"https:\/\/www.swisslearning.com\/?s={search_term_string}"},"query-input":{"@type":"PropertyValueSpecification","valueRequired":true,"valueName":"search_term_string"}}],"inLanguage":"pt-BR"},{"@type":"Person","@id":"https:\/\/www.swisslearning.com\/#\/schema\/person\/512a780e070f7061a72b72aa9cdcc844","name":"Isabelle","image":{"@type":"ImageObject","inLanguage":"pt-BR","@id":"https:\/\/secure.gravatar.com\/avatar\/fe546a12218bf41a42b91135de2222e01f5b175bea26679715cc0130484df73f?s=96&d=mm&r=g","url":"https:\/\/secure.gravatar.com\/avatar\/fe546a12218bf41a42b91135de2222e01f5b175bea26679715cc0130484df73f?s=96&d=mm&r=g","contentUrl":"https:\/\/secure.gravatar.com\/avatar\/fe546a12218bf41a42b91135de2222e01f5b175bea26679715cc0130484df73f?s=96&d=mm&r=g","caption":"Isabelle"},"url":"https:\/\/www.swisslearning.com\/pt\/author\/isabelle\/"}]}},"_links":{"self":[{"href":"https:\/\/www.swisslearning.com\/pt\/wp-json\/wp\/v2\/posts\/12874","targetHints":{"allow":["GET"]}}],"collection":[{"href":"https:\/\/www.swisslearning.com\/pt\/wp-json\/wp\/v2\/posts"}],"about":[{"href":"https:\/\/www.swisslearning.com\/pt\/wp-json\/wp\/v2\/types\/post"}],"author":[{"embeddable":true,"href":"https:\/\/www.swisslearning.com\/pt\/wp-json\/wp\/v2\/users\/3"}],"replies":[{"embeddable":true,"href":"https:\/\/www.swisslearning.com\/pt\/wp-json\/wp\/v2\/comments?post=12874"}],"version-history":[{"count":1,"href":"https:\/\/www.swisslearning.com\/pt\/wp-json\/wp\/v2\/posts\/12874\/revisions"}],"predecessor-version":[{"id":12876,"href":"https:\/\/www.swisslearning.com\/pt\/wp-json\/wp\/v2\/posts\/12874\/revisions\/12876"}],"wp:featuredmedia":[{"embeddable":true,"href":"https:\/\/www.swisslearning.com\/pt\/wp-json\/wp\/v2\/media\/12875"}],"wp:attachment":[{"href":"https:\/\/www.swisslearning.com\/pt\/wp-json\/wp\/v2\/media?parent=12874"}],"wp:term":[{"taxonomy":"category","embeddable":true,"href":"https:\/\/www.swisslearning.com\/pt\/wp-json\/wp\/v2\/categories?post=12874"},{"taxonomy":"post_tag","embeddable":true,"href":"https:\/\/www.swisslearning.com\/pt\/wp-json\/wp\/v2\/tags?post=12874"}],"curies":[{"name":"wp","href":"https:\/\/api.w.org\/{rel}","templated":true}]}}