{"id":13047,"date":"2025-11-12T17:07:33","date_gmt":"2025-11-12T17:07:33","guid":{"rendered":"https:\/\/www.swisslearning.com\/?p=13047"},"modified":"2025-12-19T17:31:39","modified_gmt":"2025-12-19T17:31:39","slug":"swiss-learning-in-brazil-nov-11th-and-12th-2025","status":"publish","type":"post","link":"https:\/\/www.swisslearning.com\/pt\/events\/swiss-learning-in-brazil-nov-11th-and-12th-2025\/","title":{"rendered":"Swiss Learning no Brasil, 11 e 12 de novembro de 2025"},"content":{"rendered":"<figure class=\"wp-block-gallery has-nested-images columns-default is-cropped wp-block-gallery-1 is-layout-flex wp-block-gallery-is-layout-flex\">\n<figure class=\"wp-block-image size-large\"><img fetchpriority=\"high\" decoding=\"async\" width=\"1024\" height=\"683\" data-id=\"13065\" src=\"https:\/\/www.swisslearning.com\/wp-content\/uploads\/2025\/12\/DSCF9096-1024x683.jpg\" alt=\"\" class=\"wp-image-13065\" srcset=\"https:\/\/www.swisslearning.com\/wp-content\/uploads\/2025\/12\/DSCF9096-1024x683.jpg 1024w, https:\/\/www.swisslearning.com\/wp-content\/uploads\/2025\/12\/DSCF9096-300x200.jpg 300w, https:\/\/www.swisslearning.com\/wp-content\/uploads\/2025\/12\/DSCF9096-768x512.jpg 768w, https:\/\/www.swisslearning.com\/wp-content\/uploads\/2025\/12\/DSCF9096-1536x1024.jpg 1536w, https:\/\/www.swisslearning.com\/wp-content\/uploads\/2025\/12\/DSCF9096-2048x1365.jpg 2048w, https:\/\/www.swisslearning.com\/wp-content\/uploads\/2025\/12\/DSCF9096-18x12.jpg 18w\" sizes=\"(max-width: 1024px) 100vw, 1024px\" \/><\/figure>\n\n\n\n<figure class=\"wp-block-image size-large\"><img decoding=\"async\" width=\"1024\" height=\"683\" data-id=\"13067\" src=\"https:\/\/www.swisslearning.com\/wp-content\/uploads\/2025\/12\/DSCF9100-1024x683.jpg\" alt=\"\" class=\"wp-image-13067\" srcset=\"https:\/\/www.swisslearning.com\/wp-content\/uploads\/2025\/12\/DSCF9100-1024x683.jpg 1024w, https:\/\/www.swisslearning.com\/wp-content\/uploads\/2025\/12\/DSCF9100-300x200.jpg 300w, https:\/\/www.swisslearning.com\/wp-content\/uploads\/2025\/12\/DSCF9100-768x512.jpg 768w, https:\/\/www.swisslearning.com\/wp-content\/uploads\/2025\/12\/DSCF9100-1536x1024.jpg 1536w, https:\/\/www.swisslearning.com\/wp-content\/uploads\/2025\/12\/DSCF9100-2048x1365.jpg 2048w, https:\/\/www.swisslearning.com\/wp-content\/uploads\/2025\/12\/DSCF9100-18x12.jpg 18w\" sizes=\"(max-width: 1024px) 100vw, 1024px\" \/><\/figure>\n\n\n\n<figure class=\"wp-block-image size-large\"><img decoding=\"async\" width=\"1024\" height=\"683\" data-id=\"13033\" src=\"https:\/\/www.swisslearning.com\/wp-content\/uploads\/2025\/11\/SS-Swiss-Learning-Event-at-MC-Kitchen-Nov2025_024-1024x683.jpg\" alt=\"\" class=\"wp-image-13033\" srcset=\"https:\/\/www.swisslearning.com\/wp-content\/uploads\/2025\/11\/SS-Swiss-Learning-Event-at-MC-Kitchen-Nov2025_024-1024x683.jpg 1024w, https:\/\/www.swisslearning.com\/wp-content\/uploads\/2025\/11\/SS-Swiss-Learning-Event-at-MC-Kitchen-Nov2025_024-300x200.jpg 300w, https:\/\/www.swisslearning.com\/wp-content\/uploads\/2025\/11\/SS-Swiss-Learning-Event-at-MC-Kitchen-Nov2025_024-768x512.jpg 768w, https:\/\/www.swisslearning.com\/wp-content\/uploads\/2025\/11\/SS-Swiss-Learning-Event-at-MC-Kitchen-Nov2025_024-1536x1024.jpg 1536w, https:\/\/www.swisslearning.com\/wp-content\/uploads\/2025\/11\/SS-Swiss-Learning-Event-at-MC-Kitchen-Nov2025_024-2048x1365.jpg 2048w, https:\/\/www.swisslearning.com\/wp-content\/uploads\/2025\/11\/SS-Swiss-Learning-Event-at-MC-Kitchen-Nov2025_024-18x12.jpg 18w\" sizes=\"(max-width: 1024px) 100vw, 1024px\" \/><\/figure>\n\n\n\n<figure class=\"wp-block-image size-large\"><img loading=\"lazy\" decoding=\"async\" width=\"1024\" height=\"683\" data-id=\"13068\" src=\"https:\/\/www.swisslearning.com\/wp-content\/uploads\/2025\/12\/DSCF9101-1024x683.jpg\" alt=\"\" class=\"wp-image-13068\" srcset=\"https:\/\/www.swisslearning.com\/wp-content\/uploads\/2025\/12\/DSCF9101-1024x683.jpg 1024w, https:\/\/www.swisslearning.com\/wp-content\/uploads\/2025\/12\/DSCF9101-300x200.jpg 300w, https:\/\/www.swisslearning.com\/wp-content\/uploads\/2025\/12\/DSCF9101-768x512.jpg 768w, https:\/\/www.swisslearning.com\/wp-content\/uploads\/2025\/12\/DSCF9101-1536x1024.jpg 1536w, https:\/\/www.swisslearning.com\/wp-content\/uploads\/2025\/12\/DSCF9101-2048x1365.jpg 2048w, https:\/\/www.swisslearning.com\/wp-content\/uploads\/2025\/12\/DSCF9101-18x12.jpg 18w\" sizes=\"(max-width: 1024px) 100vw, 1024px\" \/><\/figure>\n\n\n\n<figure class=\"wp-block-image size-large\"><img loading=\"lazy\" decoding=\"async\" width=\"1024\" height=\"683\" data-id=\"13069\" src=\"https:\/\/www.swisslearning.com\/wp-content\/uploads\/2025\/12\/DSCF9104-1024x683.jpg\" alt=\"\" class=\"wp-image-13069\" srcset=\"https:\/\/www.swisslearning.com\/wp-content\/uploads\/2025\/12\/DSCF9104-1024x683.jpg 1024w, https:\/\/www.swisslearning.com\/wp-content\/uploads\/2025\/12\/DSCF9104-300x200.jpg 300w, https:\/\/www.swisslearning.com\/wp-content\/uploads\/2025\/12\/DSCF9104-768x512.jpg 768w, https:\/\/www.swisslearning.com\/wp-content\/uploads\/2025\/12\/DSCF9104-1536x1024.jpg 1536w, https:\/\/www.swisslearning.com\/wp-content\/uploads\/2025\/12\/DSCF9104-2048x1365.jpg 2048w, https:\/\/www.swisslearning.com\/wp-content\/uploads\/2025\/12\/DSCF9104-18x12.jpg 18w\" sizes=\"(max-width: 1024px) 100vw, 1024px\" \/><\/figure>\n\n\n\n<figure class=\"wp-block-image size-large\"><img loading=\"lazy\" decoding=\"async\" width=\"1024\" height=\"683\" data-id=\"13070\" src=\"https:\/\/www.swisslearning.com\/wp-content\/uploads\/2025\/12\/DSCF9180-1024x683.jpg\" alt=\"\" class=\"wp-image-13070\" srcset=\"https:\/\/www.swisslearning.com\/wp-content\/uploads\/2025\/12\/DSCF9180-1024x683.jpg 1024w, https:\/\/www.swisslearning.com\/wp-content\/uploads\/2025\/12\/DSCF9180-300x200.jpg 300w, https:\/\/www.swisslearning.com\/wp-content\/uploads\/2025\/12\/DSCF9180-768x512.jpg 768w, https:\/\/www.swisslearning.com\/wp-content\/uploads\/2025\/12\/DSCF9180-1536x1024.jpg 1536w, https:\/\/www.swisslearning.com\/wp-content\/uploads\/2025\/12\/DSCF9180-2048x1365.jpg 2048w, https:\/\/www.swisslearning.com\/wp-content\/uploads\/2025\/12\/DSCF9180-18x12.jpg 18w\" sizes=\"(max-width: 1024px) 100vw, 1024px\" \/><\/figure>\n\n\n\n<figure class=\"wp-block-image size-large\"><img loading=\"lazy\" decoding=\"async\" width=\"1024\" height=\"683\" data-id=\"13071\" src=\"https:\/\/www.swisslearning.com\/wp-content\/uploads\/2025\/12\/DSCF9182-1024x683.jpg\" alt=\"\" class=\"wp-image-13071\" srcset=\"https:\/\/www.swisslearning.com\/wp-content\/uploads\/2025\/12\/DSCF9182-1024x683.jpg 1024w, https:\/\/www.swisslearning.com\/wp-content\/uploads\/2025\/12\/DSCF9182-300x200.jpg 300w, https:\/\/www.swisslearning.com\/wp-content\/uploads\/2025\/12\/DSCF9182-768x512.jpg 768w, https:\/\/www.swisslearning.com\/wp-content\/uploads\/2025\/12\/DSCF9182-1536x1024.jpg 1536w, https:\/\/www.swisslearning.com\/wp-content\/uploads\/2025\/12\/DSCF9182-2048x1365.jpg 2048w, https:\/\/www.swisslearning.com\/wp-content\/uploads\/2025\/12\/DSCF9182-18x12.jpg 18w\" sizes=\"(max-width: 1024px) 100vw, 1024px\" \/><\/figure>\n\n\n\n<figure class=\"wp-block-image size-large\"><img loading=\"lazy\" decoding=\"async\" width=\"1024\" height=\"683\" data-id=\"13072\" src=\"https:\/\/www.swisslearning.com\/wp-content\/uploads\/2025\/12\/DSCF9191-1024x683.jpg\" alt=\"\" class=\"wp-image-13072\" srcset=\"https:\/\/www.swisslearning.com\/wp-content\/uploads\/2025\/12\/DSCF9191-1024x683.jpg 1024w, https:\/\/www.swisslearning.com\/wp-content\/uploads\/2025\/12\/DSCF9191-300x200.jpg 300w, https:\/\/www.swisslearning.com\/wp-content\/uploads\/2025\/12\/DSCF9191-768x512.jpg 768w, https:\/\/www.swisslearning.com\/wp-content\/uploads\/2025\/12\/DSCF9191-1536x1024.jpg 1536w, https:\/\/www.swisslearning.com\/wp-content\/uploads\/2025\/12\/DSCF9191-2048x1365.jpg 2048w, https:\/\/www.swisslearning.com\/wp-content\/uploads\/2025\/12\/DSCF9191-18x12.jpg 18w\" sizes=\"(max-width: 1024px) 100vw, 1024px\" \/><\/figure>\n\n\n\n<figure class=\"wp-block-image size-large\"><img loading=\"lazy\" decoding=\"async\" width=\"683\" height=\"1024\" data-id=\"13073\" src=\"https:\/\/www.swisslearning.com\/wp-content\/uploads\/2025\/12\/DSCF9194-683x1024.jpg\" alt=\"\" class=\"wp-image-13073\" srcset=\"https:\/\/www.swisslearning.com\/wp-content\/uploads\/2025\/12\/DSCF9194-683x1024.jpg 683w, https:\/\/www.swisslearning.com\/wp-content\/uploads\/2025\/12\/DSCF9194-200x300.jpg 200w, https:\/\/www.swisslearning.com\/wp-content\/uploads\/2025\/12\/DSCF9194-768x1152.jpg 768w, https:\/\/www.swisslearning.com\/wp-content\/uploads\/2025\/12\/DSCF9194-1024x1536.jpg 1024w, https:\/\/www.swisslearning.com\/wp-content\/uploads\/2025\/12\/DSCF9194-1365x2048.jpg 1365w, https:\/\/www.swisslearning.com\/wp-content\/uploads\/2025\/12\/DSCF9194-8x12.jpg 8w, https:\/\/www.swisslearning.com\/wp-content\/uploads\/2025\/12\/DSCF9194-scaled.jpg 1707w\" sizes=\"(max-width: 683px) 100vw, 683px\" \/><\/figure>\n<\/figure>\n\n\n\n<figure class=\"wp-block-video\"><video height=\"1080\" style=\"aspect-ratio: 1920 \/ 1080;\" width=\"1920\" controls src=\"https:\/\/www.swisslearning.com\/wp-content\/uploads\/2025\/11\/SWISSLEARNING-BRAZIL-2025_2-1.mp4\" playsinline><\/video><\/figure>\n\n\n\n<p class=\"has-text-align-center\">A Swiss Learning realizou recentemente eventos no Rio de Janeiro e em S\u00e3o Paulo, Brasil, reunindo fam\u00edlias para descobrir os padr\u00f5es excepcionais dos internatos internacionais su\u00ed\u00e7os, acampamentos e institui\u00e7\u00f5es de gest\u00e3o hoteleira. Honrados com a presen\u00e7a do Sr. Michael Schweizer, C\u00f4nsul Geral da Su\u00ed\u00e7a no Rio de Janeiro, e do Sr. Peter Hafner, C\u00f4nsul Geral da Su\u00ed\u00e7a em S\u00e3o Paulo, os eventos destacaram o sistema educacional su\u00ed\u00e7o de renome mundial e as oportunidades extraordin\u00e1rias que oferece a estudantes de todo o mundo. Convidamos amigos e ex-alunos da Swiss Learning para o evento.<\/p>\n\n\n\n<p class=\"has-text-align-center\"><strong>A excel\u00eancia da educa\u00e7\u00e3o su\u00ed\u00e7a<\/strong><\/p>\n\n\n\n<p class=\"has-text-align-center\">Durante o evento, os convidados tiveram a oportunidade de conhecer os diretores das escolas su\u00ed\u00e7as mais renomadas.<\/p>\n\n\n\n<p class=\"has-text-align-center\"><\/p>\n\n\n\n<div data-wp-interactive=\"core\/file\" class=\"wp-block-file aligncenter\"><object data-wp-bind--hidden=\"!state.hasPdfPreview\" hidden class=\"wp-block-file__embed\" data=\"https:\/\/www.swisslearning.com\/wp-content\/uploads\/2025\/11\/2025-RIO-CONVITE-Cafe-da-manha.pdf\" type=\"application\/pdf\" style=\"width:100%;height:600px\" aria-label=\"Incorporado de 2025-RIO-CONVITE-Caf\u00e9-da-manha.\"><\/object><a id=\"wp-block-file--media-04550b25-f265-4dbc-9746-53510ac820e4\" href=\"https:\/\/www.swisslearning.com\/wp-content\/uploads\/2025\/11\/2025-RIO-CONVITE-Cafe-da-manha.pdf\">2025-RIO-CONVITE-Caf\u00e9-da-manha<\/a><a href=\"https:\/\/www.swisslearning.com\/wp-content\/uploads\/2025\/11\/2025-RIO-CONVITE-Cafe-da-manha.pdf\" class=\"wp-block-file__button wp-element-button\" download aria-describedby=\"wp-block-file--media-04550b25-f265-4dbc-9746-53510ac820e4\">Download<\/a><\/div>\n\n\n\n<div data-wp-interactive=\"core\/file\" class=\"wp-block-file aligncenter\"><object data-wp-bind--hidden=\"!state.hasPdfPreview\" hidden class=\"wp-block-file__embed\" data=\"https:\/\/www.swisslearning.com\/wp-content\/uploads\/2025\/11\/2025-SP-CONVITE-Cafe-da-manha-1.pdf\" type=\"application\/pdf\" style=\"width:100%;height:600px\" aria-label=\"Incorporado de 2025-SP-CONVITE-Caf\u00e9-da-manha-1.\"><\/object><a id=\"wp-block-file--media-7d20995b-9587-49f7-918d-4000579acaa5\" href=\"https:\/\/www.swisslearning.com\/wp-content\/uploads\/2025\/11\/2025-SP-CONVITE-Cafe-da-manha-1.pdf\">2025-SP-CONVITE-Caf\u00e9-da-manha-1<\/a><a href=\"https:\/\/www.swisslearning.com\/wp-content\/uploads\/2025\/11\/2025-SP-CONVITE-Cafe-da-manha-1.pdf\" class=\"wp-block-file__button wp-element-button\" download aria-describedby=\"wp-block-file--media-7d20995b-9587-49f7-918d-4000579acaa5\">Download<\/a><\/div>\n\n\n\n<figure class=\"wp-block-gallery has-nested-images columns-default is-cropped wp-block-gallery-2 is-layout-flex wp-block-gallery-is-layout-flex\"><\/figure>\n\n\n\n<p class=\"has-text-align-center\"><\/p>\n\n\n\n<p><\/p>","protected":false},"excerpt":{"rendered":"<p>Swiss Learning recently hosted events in Rio de Janeiro and S\u00e3o Paulo, Brazil, bringing families together to discover the exceptional standards of Swiss international boarding schools, camps, and hotel management institutions. Honoured by the presence of Mr. Michael Schweizer, Consul General of Switzerland in Rio de Janeiro, and Mr. Peter Hafner, Consul General of Switzerland [&hellip;]<\/p>\n","protected":false},"author":19,"featured_media":13076,"comment_status":"closed","ping_status":"open","sticky":false,"template":"","format":"standard","meta":{"footnotes":""},"categories":[33],"tags":[],"class_list":["post-13047","post","type-post","status-publish","format-standard","has-post-thumbnail","hentry","category-events"],"yoast_head":"<!-- This site is optimized with the Yoast SEO plugin v27.5 - https:\/\/yoast.com\/product\/yoast-seo-wordpress\/ -->\n<title>Swiss Learning in Istanbul October 18th, 2025<\/title>\n<meta name=\"description\" content=\"Swiss Learning in Istanbul October 18th, 2025\" \/>\n<meta name=\"robots\" content=\"index, follow, max-snippet:-1, max-image-preview:large, max-video-preview:-1\" \/>\n<link rel=\"canonical\" href=\"https:\/\/www.swisslearning.com\/pt\/events\/swiss-learning-in-brazil-nov-11th-and-12th-2025\/\" \/>\n<meta property=\"og:locale\" content=\"pt_BR\" \/>\n<meta property=\"og:type\" content=\"article\" \/>\n<meta property=\"og:title\" content=\"Swiss Learning in Istanbul October 18th, 2025\" \/>\n<meta property=\"og:description\" content=\"Swiss Learning in Istanbul October 18th, 2025\" \/>\n<meta property=\"og:url\" content=\"https:\/\/www.swisslearning.com\/pt\/events\/swiss-learning-in-brazil-nov-11th-and-12th-2025\/\" \/>\n<meta property=\"og:site_name\" content=\"Swiss Learning\" \/>\n<meta property=\"article:publisher\" content=\"https:\/\/www.facebook.com\/swisslearning\" \/>\n<meta property=\"article:published_time\" content=\"2025-11-12T17:07:33+00:00\" \/>\n<meta property=\"article:modified_time\" content=\"2025-12-19T17:31:39+00:00\" \/>\n<meta property=\"og:image\" content=\"https:\/\/www.swisslearning.com\/wp-content\/uploads\/2025\/12\/WhatsApp-Image-2025-11-22-at-00.33.50-topaz-upscale-2.5x_PerfectlyClear-scaled.jpg\" \/>\n\t<meta property=\"og:image:width\" content=\"2560\" \/>\n\t<meta property=\"og:image:height\" content=\"1731\" \/>\n\t<meta property=\"og:image:type\" content=\"image\/jpeg\" \/>\n<meta name=\"author\" content=\"communications\" \/>\n<meta name=\"twitter:card\" content=\"summary_large_image\" \/>\n<meta name=\"twitter:label1\" content=\"Escrito por\" \/>\n\t<meta name=\"twitter:data1\" content=\"communications\" \/>\n\t<meta name=\"twitter:label2\" content=\"Est. tempo de leitura\" \/>\n\t<meta name=\"twitter:data2\" content=\"8 minutos\" \/>\n<script type=\"application\/ld+json\" class=\"yoast-schema-graph\">{\"@context\":\"https:\\\/\\\/schema.org\",\"@graph\":[{\"@type\":\"Article\",\"@id\":\"https:\\\/\\\/www.swisslearning.com\\\/events\\\/swiss-learning-in-brazil-nov-11th-and-12th-2025\\\/#article\",\"isPartOf\":{\"@id\":\"https:\\\/\\\/www.swisslearning.com\\\/events\\\/swiss-learning-in-brazil-nov-11th-and-12th-2025\\\/\"},\"author\":{\"name\":\"communications\",\"@id\":\"https:\\\/\\\/www.swisslearning.com\\\/#\\\/schema\\\/person\\\/0f3fd99c776b3a658fa6e3266b7e196a\"},\"headline\":\"Swiss Learning in Brazil Nov 11th and 12th, 2025\",\"datePublished\":\"2025-11-12T17:07:33+00:00\",\"dateModified\":\"2025-12-19T17:31:39+00:00\",\"mainEntityOfPage\":{\"@id\":\"https:\\\/\\\/www.swisslearning.com\\\/events\\\/swiss-learning-in-brazil-nov-11th-and-12th-2025\\\/\"},\"wordCount\":124,\"image\":{\"@id\":\"https:\\\/\\\/www.swisslearning.com\\\/events\\\/swiss-learning-in-brazil-nov-11th-and-12th-2025\\\/#primaryimage\"},\"thumbnailUrl\":\"https:\\\/\\\/www.swisslearning.com\\\/wp-content\\\/uploads\\\/2025\\\/12\\\/WhatsApp-Image-2025-11-22-at-00.33.50-topaz-upscale-2.5x_PerfectlyClear-scaled.jpg\",\"articleSection\":[\"Events\"],\"inLanguage\":\"pt-BR\"},{\"@type\":\"WebPage\",\"@id\":\"https:\\\/\\\/www.swisslearning.com\\\/events\\\/swiss-learning-in-brazil-nov-11th-and-12th-2025\\\/\",\"url\":\"https:\\\/\\\/www.swisslearning.com\\\/events\\\/swiss-learning-in-brazil-nov-11th-and-12th-2025\\\/\",\"name\":\"Swiss Learning in Istanbul October 18th, 2025\",\"isPartOf\":{\"@id\":\"https:\\\/\\\/www.swisslearning.com\\\/#website\"},\"primaryImageOfPage\":{\"@id\":\"https:\\\/\\\/www.swisslearning.com\\\/events\\\/swiss-learning-in-brazil-nov-11th-and-12th-2025\\\/#primaryimage\"},\"image\":{\"@id\":\"https:\\\/\\\/www.swisslearning.com\\\/events\\\/swiss-learning-in-brazil-nov-11th-and-12th-2025\\\/#primaryimage\"},\"thumbnailUrl\":\"https:\\\/\\\/www.swisslearning.com\\\/wp-content\\\/uploads\\\/2025\\\/12\\\/WhatsApp-Image-2025-11-22-at-00.33.50-topaz-upscale-2.5x_PerfectlyClear-scaled.jpg\",\"datePublished\":\"2025-11-12T17:07:33+00:00\",\"dateModified\":\"2025-12-19T17:31:39+00:00\",\"author\":{\"@id\":\"https:\\\/\\\/www.swisslearning.com\\\/#\\\/schema\\\/person\\\/0f3fd99c776b3a658fa6e3266b7e196a\"},\"description\":\"Swiss Learning in Istanbul October 18th, 2025\",\"breadcrumb\":{\"@id\":\"https:\\\/\\\/www.swisslearning.com\\\/events\\\/swiss-learning-in-brazil-nov-11th-and-12th-2025\\\/#breadcrumb\"},\"inLanguage\":\"pt-BR\",\"potentialAction\":[{\"@type\":\"ReadAction\",\"target\":[\"https:\\\/\\\/www.swisslearning.com\\\/events\\\/swiss-learning-in-brazil-nov-11th-and-12th-2025\\\/\"]}]},{\"@type\":\"ImageObject\",\"inLanguage\":\"pt-BR\",\"@id\":\"https:\\\/\\\/www.swisslearning.com\\\/events\\\/swiss-learning-in-brazil-nov-11th-and-12th-2025\\\/#primaryimage\",\"url\":\"https:\\\/\\\/www.swisslearning.com\\\/wp-content\\\/uploads\\\/2025\\\/12\\\/WhatsApp-Image-2025-11-22-at-00.33.50-topaz-upscale-2.5x_PerfectlyClear-scaled.jpg\",\"contentUrl\":\"https:\\\/\\\/www.swisslearning.com\\\/wp-content\\\/uploads\\\/2025\\\/12\\\/WhatsApp-Image-2025-11-22-at-00.33.50-topaz-upscale-2.5x_PerfectlyClear-scaled.jpg\",\"width\":2560,\"height\":1731},{\"@type\":\"BreadcrumbList\",\"@id\":\"https:\\\/\\\/www.swisslearning.com\\\/events\\\/swiss-learning-in-brazil-nov-11th-and-12th-2025\\\/#breadcrumb\",\"itemListElement\":[{\"@type\":\"ListItem\",\"position\":1,\"name\":\"Home\",\"item\":\"https:\\\/\\\/www.swisslearning.com\\\/\"},{\"@type\":\"ListItem\",\"position\":2,\"name\":\"Swiss Learning in Brazil Nov 11th and 12th, 2025\"}]},{\"@type\":\"WebSite\",\"@id\":\"https:\\\/\\\/www.swisslearning.com\\\/#website\",\"url\":\"https:\\\/\\\/www.swisslearning.com\\\/\",\"name\":\"Swiss Learning\",\"description\":\"BOARDING SCHOOLS, HOTEL MANAGEMENT SCHOOLS AND CAMPS IN SWITZERLAND\",\"potentialAction\":[{\"@type\":\"SearchAction\",\"target\":{\"@type\":\"EntryPoint\",\"urlTemplate\":\"https:\\\/\\\/www.swisslearning.com\\\/?s={search_term_string}\"},\"query-input\":{\"@type\":\"PropertyValueSpecification\",\"valueRequired\":true,\"valueName\":\"search_term_string\"}}],\"inLanguage\":\"pt-BR\"},{\"@type\":\"Person\",\"@id\":\"https:\\\/\\\/www.swisslearning.com\\\/#\\\/schema\\\/person\\\/0f3fd99c776b3a658fa6e3266b7e196a\",\"name\":\"communications\",\"image\":{\"@type\":\"ImageObject\",\"inLanguage\":\"pt-BR\",\"@id\":\"https:\\\/\\\/secure.gravatar.com\\\/avatar\\\/0f6667a8dc6b387649b3ade1d1f9b423a1deb30269faf07c7063cc993e0c7312?s=96&d=mm&r=g\",\"url\":\"https:\\\/\\\/secure.gravatar.com\\\/avatar\\\/0f6667a8dc6b387649b3ade1d1f9b423a1deb30269faf07c7063cc993e0c7312?s=96&d=mm&r=g\",\"contentUrl\":\"https:\\\/\\\/secure.gravatar.com\\\/avatar\\\/0f6667a8dc6b387649b3ade1d1f9b423a1deb30269faf07c7063cc993e0c7312?s=96&d=mm&r=g\",\"caption\":\"communications\"},\"url\":\"https:\\\/\\\/www.swisslearning.com\\\/pt\\\/author\\\/communications\\\/\"}]}<\/script>\n<!-- \/ Yoast SEO plugin. -->","yoast_head_json":{"title":"Aprendizagem Su\u00ed\u00e7a em Istambul, 18 de outubro de 2025","description":"Aprendizagem Su\u00ed\u00e7a em Istambul, 18 de outubro de 2025","robots":{"index":"index","follow":"follow","max-snippet":"max-snippet:-1","max-image-preview":"max-image-preview:large","max-video-preview":"max-video-preview:-1"},"canonical":"https:\/\/www.swisslearning.com\/pt\/events\/swiss-learning-in-brazil-nov-11th-and-12th-2025\/","og_locale":"pt_BR","og_type":"article","og_title":"Swiss Learning in Istanbul October 18th, 2025","og_description":"Swiss Learning in Istanbul October 18th, 2025","og_url":"https:\/\/www.swisslearning.com\/pt\/events\/swiss-learning-in-brazil-nov-11th-and-12th-2025\/","og_site_name":"Swiss Learning","article_publisher":"https:\/\/www.facebook.com\/swisslearning","article_published_time":"2025-11-12T17:07:33+00:00","article_modified_time":"2025-12-19T17:31:39+00:00","og_image":[{"width":2560,"height":1731,"url":"https:\/\/www.swisslearning.com\/wp-content\/uploads\/2025\/12\/WhatsApp-Image-2025-11-22-at-00.33.50-topaz-upscale-2.5x_PerfectlyClear-scaled.jpg","type":"image\/jpeg"}],"author":"communications","twitter_card":"summary_large_image","twitter_misc":{"Escrito por":"communications","Est. tempo de leitura":"8 minutos"},"schema":{"@context":"https:\/\/schema.org","@graph":[{"@type":"Article","@id":"https:\/\/www.swisslearning.com\/events\/swiss-learning-in-brazil-nov-11th-and-12th-2025\/#article","isPartOf":{"@id":"https:\/\/www.swisslearning.com\/events\/swiss-learning-in-brazil-nov-11th-and-12th-2025\/"},"author":{"name":"communications","@id":"https:\/\/www.swisslearning.com\/#\/schema\/person\/0f3fd99c776b3a658fa6e3266b7e196a"},"headline":"Swiss Learning in Brazil Nov 11th and 12th, 2025","datePublished":"2025-11-12T17:07:33+00:00","dateModified":"2025-12-19T17:31:39+00:00","mainEntityOfPage":{"@id":"https:\/\/www.swisslearning.com\/events\/swiss-learning-in-brazil-nov-11th-and-12th-2025\/"},"wordCount":124,"image":{"@id":"https:\/\/www.swisslearning.com\/events\/swiss-learning-in-brazil-nov-11th-and-12th-2025\/#primaryimage"},"thumbnailUrl":"https:\/\/www.swisslearning.com\/wp-content\/uploads\/2025\/12\/WhatsApp-Image-2025-11-22-at-00.33.50-topaz-upscale-2.5x_PerfectlyClear-scaled.jpg","articleSection":["Events"],"inLanguage":"pt-BR"},{"@type":"WebPage","@id":"https:\/\/www.swisslearning.com\/events\/swiss-learning-in-brazil-nov-11th-and-12th-2025\/","url":"https:\/\/www.swisslearning.com\/events\/swiss-learning-in-brazil-nov-11th-and-12th-2025\/","name":"Aprendizagem Su\u00ed\u00e7a em Istambul, 18 de outubro de 2025","isPartOf":{"@id":"https:\/\/www.swisslearning.com\/#website"},"primaryImageOfPage":{"@id":"https:\/\/www.swisslearning.com\/events\/swiss-learning-in-brazil-nov-11th-and-12th-2025\/#primaryimage"},"image":{"@id":"https:\/\/www.swisslearning.com\/events\/swiss-learning-in-brazil-nov-11th-and-12th-2025\/#primaryimage"},"thumbnailUrl":"https:\/\/www.swisslearning.com\/wp-content\/uploads\/2025\/12\/WhatsApp-Image-2025-11-22-at-00.33.50-topaz-upscale-2.5x_PerfectlyClear-scaled.jpg","datePublished":"2025-11-12T17:07:33+00:00","dateModified":"2025-12-19T17:31:39+00:00","author":{"@id":"https:\/\/www.swisslearning.com\/#\/schema\/person\/0f3fd99c776b3a658fa6e3266b7e196a"},"description":"Aprendizagem Su\u00ed\u00e7a em Istambul, 18 de outubro de 2025","breadcrumb":{"@id":"https:\/\/www.swisslearning.com\/events\/swiss-learning-in-brazil-nov-11th-and-12th-2025\/#breadcrumb"},"inLanguage":"pt-BR","potentialAction":[{"@type":"ReadAction","target":["https:\/\/www.swisslearning.com\/events\/swiss-learning-in-brazil-nov-11th-and-12th-2025\/"]}]},{"@type":"ImageObject","inLanguage":"pt-BR","@id":"https:\/\/www.swisslearning.com\/events\/swiss-learning-in-brazil-nov-11th-and-12th-2025\/#primaryimage","url":"https:\/\/www.swisslearning.com\/wp-content\/uploads\/2025\/12\/WhatsApp-Image-2025-11-22-at-00.33.50-topaz-upscale-2.5x_PerfectlyClear-scaled.jpg","contentUrl":"https:\/\/www.swisslearning.com\/wp-content\/uploads\/2025\/12\/WhatsApp-Image-2025-11-22-at-00.33.50-topaz-upscale-2.5x_PerfectlyClear-scaled.jpg","width":2560,"height":1731},{"@type":"BreadcrumbList","@id":"https:\/\/www.swisslearning.com\/events\/swiss-learning-in-brazil-nov-11th-and-12th-2025\/#breadcrumb","itemListElement":[{"@type":"ListItem","position":1,"name":"Home","item":"https:\/\/www.swisslearning.com\/"},{"@type":"ListItem","position":2,"name":"Swiss Learning in Brazil Nov 11th and 12th, 2025"}]},{"@type":"WebSite","@id":"https:\/\/www.swisslearning.com\/#website","url":"https:\/\/www.swisslearning.com\/","name":"Swiss Learning","description":"ESCOLAS DE EMBARQUE, ESCOLAS DE GEST\u00c3O DE HOTELARIA E CAMPS NA SU\u00cd\u00c7A","potentialAction":[{"@type":"SearchAction","target":{"@type":"EntryPoint","urlTemplate":"https:\/\/www.swisslearning.com\/?s={search_term_string}"},"query-input":{"@type":"PropertyValueSpecification","valueRequired":true,"valueName":"search_term_string"}}],"inLanguage":"pt-BR"},{"@type":"Person","@id":"https:\/\/www.swisslearning.com\/#\/schema\/person\/0f3fd99c776b3a658fa6e3266b7e196a","name":"comunica\u00e7\u00f5es","image":{"@type":"ImageObject","inLanguage":"pt-BR","@id":"https:\/\/secure.gravatar.com\/avatar\/0f6667a8dc6b387649b3ade1d1f9b423a1deb30269faf07c7063cc993e0c7312?s=96&d=mm&r=g","url":"https:\/\/secure.gravatar.com\/avatar\/0f6667a8dc6b387649b3ade1d1f9b423a1deb30269faf07c7063cc993e0c7312?s=96&d=mm&r=g","contentUrl":"https:\/\/secure.gravatar.com\/avatar\/0f6667a8dc6b387649b3ade1d1f9b423a1deb30269faf07c7063cc993e0c7312?s=96&d=mm&r=g","caption":"communications"},"url":"https:\/\/www.swisslearning.com\/pt\/author\/communications\/"}]}},"_links":{"self":[{"href":"https:\/\/www.swisslearning.com\/pt\/wp-json\/wp\/v2\/posts\/13047","targetHints":{"allow":["GET"]}}],"collection":[{"href":"https:\/\/www.swisslearning.com\/pt\/wp-json\/wp\/v2\/posts"}],"about":[{"href":"https:\/\/www.swisslearning.com\/pt\/wp-json\/wp\/v2\/types\/post"}],"author":[{"embeddable":true,"href":"https:\/\/www.swisslearning.com\/pt\/wp-json\/wp\/v2\/users\/19"}],"replies":[{"embeddable":true,"href":"https:\/\/www.swisslearning.com\/pt\/wp-json\/wp\/v2\/comments?post=13047"}],"version-history":[{"count":4,"href":"https:\/\/www.swisslearning.com\/pt\/wp-json\/wp\/v2\/posts\/13047\/revisions"}],"predecessor-version":[{"id":13081,"href":"https:\/\/www.swisslearning.com\/pt\/wp-json\/wp\/v2\/posts\/13047\/revisions\/13081"}],"wp:featuredmedia":[{"embeddable":true,"href":"https:\/\/www.swisslearning.com\/pt\/wp-json\/wp\/v2\/media\/13076"}],"wp:attachment":[{"href":"https:\/\/www.swisslearning.com\/pt\/wp-json\/wp\/v2\/media?parent=13047"}],"wp:term":[{"taxonomy":"category","embeddable":true,"href":"https:\/\/www.swisslearning.com\/pt\/wp-json\/wp\/v2\/categories?post=13047"},{"taxonomy":"post_tag","embeddable":true,"href":"https:\/\/www.swisslearning.com\/pt\/wp-json\/wp\/v2\/tags?post=13047"}],"curies":[{"name":"wp","href":"https:\/\/api.w.org\/{rel}","templated":true}]}}