{"id":8582,"date":"2021-07-13T08:01:12","date_gmt":"2021-07-13T06:01:12","guid":{"rendered":"https:\/\/www.swisslearning.com\/?p=7315"},"modified":"2021-07-13T08:01:12","modified_gmt":"2021-07-13T06:01:12","slug":"culture-counts-a-celebration-of-diversity-at-le-rosey","status":"publish","type":"post","link":"https:\/\/www.swisslearning.com\/pt\/news\/culture-counts-a-celebration-of-diversity-at-le-rosey\/","title":{"rendered":"A cultura conta: uma celebra\u00e7\u00e3o da diversidade no Le Rosey"},"content":{"rendered":"<p>Uma das pedras angulares do Le Rosey \u00e9 o seu internacionalismo; quase 800 roseanos, professores e funcion\u00e1rios colaborativos representam atualmente 64 pa\u00edses e 31 l\u00ednguas maternas. Mas al\u00e9m da diversidade lingu\u00edstica e cultural, mantida por uma cota estrita de nacionalidades, lan\u00e7ou este ano uma iniciativa conhecida como \u201c<a href=\"https:\/\/www.rosey.ch\/news\/culture-counts-initiative\/\">A cultura conta<\/a>\u201c, Uma explora\u00e7\u00e3o do que a diversidade realmente pode significar para a comunidade Rosey.<\/p>\n<p>&nbsp;<\/p>\n<p>Cada indiv\u00edduo se junta \u00e0 Le Rosey com sua pr\u00f3pria hist\u00f3ria e contribui\u00e7\u00e3o para o enriquecimento e crescimento de seus pares. A grande variedade de atividades, clubes e sociedades busca oferecer a todos os roseanos uma ampla sa\u00edda para descobrir e desenvolver seus pr\u00f3prios talentos; \u201cDiferen\u00e7a\u201d \u00e9 frequentemente citada no Le Rosey como o elemento que todos temos em comum. No entanto, sempre h\u00e1 espa\u00e7o para mais. Esta nova iniciativa, liderada de forma colaborativa por professores e alunos, procura aprofundar os m\u00faltiplos significados da diversidade. Discuss\u00f5es abertas, uma assembl\u00e9ia dedicada, o estabelecimento de uma Associa\u00e7\u00e3o de G\u00eanero e Sexualidade liderada por alunos e entrevistas com a comunidade escolar s\u00e3o apenas o come\u00e7o de um exame mais profundo de alguns dos valores centrais de ser Rosean. Esses valores nunca se destinam a beneficiar apenas o indiv\u00edduo, mas sim s\u00e3o estabelecidos em harmonia com seu impacto na comunidade mais ampla: amizade <em>com<\/em> solidariedade e respeito pr\u00f3prio <em>com<\/em> respeito pelos outros. Le Rosey come\u00e7ar\u00e1 seu 142\u00ba ano letivo em setembro e as palavras de \u201cCulture Counts\u201d definem o tom para um ano inspirador de representa\u00e7\u00e3o, express\u00e3o, reconhecimento e, acima de tudo, celebra\u00e7\u00e3o da diversidade.<\/p>","protected":false},"excerpt":{"rendered":"<p>One of the cornerstones of Le Rosey is its internationalism; almost 800 Roseans, teachers and collaborative staff currently represent 64 countries and 31 mother tongues. But in addition to linguistic and cultural diversity, maintained by a strict nationality quota, this year launched an initiative known as &#8220;Culture Counts&#8220;, an exploration of what diversity really can [&hellip;]<\/p>\n","protected":false},"author":3,"featured_media":8556,"comment_status":"closed","ping_status":"open","sticky":false,"template":"","format":"standard","meta":{"footnotes":""},"categories":[31],"tags":[],"class_list":["post-8582","post","type-post","status-publish","format-standard","has-post-thumbnail","hentry","category-news"],"yoast_head":"<!-- This site is optimized with the Yoast SEO plugin v27.5 - https:\/\/yoast.com\/product\/yoast-seo-wordpress\/ -->\n<title>Culture Counts: a celebration of diversity at Le Rosey - Swiss Learning<\/title>\n<meta name=\"description\" content=\"Culture Counts: a celebration of diversity at Le Rosey\" \/>\n<meta name=\"robots\" content=\"index, follow, max-snippet:-1, max-image-preview:large, max-video-preview:-1\" \/>\n<link rel=\"canonical\" href=\"https:\/\/www.swisslearning.com\/pt\/news\/culture-counts-a-celebration-of-diversity-at-le-rosey\/\" \/>\n<meta property=\"og:locale\" content=\"pt_BR\" \/>\n<meta property=\"og:type\" content=\"article\" \/>\n<meta property=\"og:title\" content=\"Culture Counts: a celebration of diversity at Le Rosey - Swiss Learning\" \/>\n<meta property=\"og:description\" content=\"Culture Counts: a celebration of diversity at Le Rosey\" \/>\n<meta property=\"og:url\" content=\"https:\/\/www.swisslearning.com\/pt\/news\/culture-counts-a-celebration-of-diversity-at-le-rosey\/\" \/>\n<meta property=\"og:site_name\" content=\"Swiss Learning\" \/>\n<meta property=\"article:publisher\" content=\"https:\/\/www.facebook.com\/swisslearning\" \/>\n<meta property=\"article:published_time\" content=\"2021-07-13T06:01:12+00:00\" \/>\n<meta property=\"og:image\" content=\"https:\/\/www.swisslearning.com\/wp-content\/uploads\/2021\/07\/News-2-Diversity-Culture-at-Le-Rosey-1-1024x683.jpg\" \/>\n\t<meta property=\"og:image:width\" content=\"1024\" \/>\n\t<meta property=\"og:image:height\" content=\"683\" \/>\n\t<meta property=\"og:image:type\" content=\"image\/jpeg\" \/>\n<meta name=\"author\" content=\"Isabelle\" \/>\n<meta name=\"twitter:card\" content=\"summary_large_image\" \/>\n<meta name=\"twitter:label1\" content=\"Escrito por\" \/>\n\t<meta name=\"twitter:data1\" content=\"Isabelle\" \/>\n\t<meta name=\"twitter:label2\" content=\"Est. tempo de leitura\" \/>\n\t<meta name=\"twitter:data2\" content=\"2 minutos\" \/>\n<script type=\"application\/ld+json\" class=\"yoast-schema-graph\">{\"@context\":\"https:\\\/\\\/schema.org\",\"@graph\":[{\"@type\":\"Article\",\"@id\":\"https:\\\/\\\/www.swisslearning.com\\\/ru\\\/news\\\/culture-counts-a-celebration-of-diversity-at-le-rosey\\\/#article\",\"isPartOf\":{\"@id\":\"https:\\\/\\\/www.swisslearning.com\\\/ru\\\/news\\\/culture-counts-a-celebration-of-diversity-at-le-rosey\\\/\"},\"author\":{\"name\":\"Isabelle\",\"@id\":\"https:\\\/\\\/www.swisslearning.com\\\/#\\\/schema\\\/person\\\/512a780e070f7061a72b72aa9cdcc844\"},\"headline\":\"Culture Counts: a celebration of diversity at Le Rosey\",\"datePublished\":\"2021-07-13T06:01:12+00:00\",\"mainEntityOfPage\":{\"@id\":\"https:\\\/\\\/www.swisslearning.com\\\/ru\\\/news\\\/culture-counts-a-celebration-of-diversity-at-le-rosey\\\/\"},\"wordCount\":250,\"image\":{\"@id\":\"https:\\\/\\\/www.swisslearning.com\\\/ru\\\/news\\\/culture-counts-a-celebration-of-diversity-at-le-rosey\\\/#primaryimage\"},\"thumbnailUrl\":\"https:\\\/\\\/www.swisslearning.com\\\/wp-content\\\/uploads\\\/2021\\\/07\\\/News-2-Diversity-Culture-at-Le-Rosey-1.jpg\",\"articleSection\":[\"News\"],\"inLanguage\":\"pt-BR\"},{\"@type\":\"WebPage\",\"@id\":\"https:\\\/\\\/www.swisslearning.com\\\/ru\\\/news\\\/culture-counts-a-celebration-of-diversity-at-le-rosey\\\/\",\"url\":\"https:\\\/\\\/www.swisslearning.com\\\/ru\\\/news\\\/culture-counts-a-celebration-of-diversity-at-le-rosey\\\/\",\"name\":\"Culture Counts: a celebration of diversity at Le Rosey - Swiss Learning\",\"isPartOf\":{\"@id\":\"https:\\\/\\\/www.swisslearning.com\\\/#website\"},\"primaryImageOfPage\":{\"@id\":\"https:\\\/\\\/www.swisslearning.com\\\/ru\\\/news\\\/culture-counts-a-celebration-of-diversity-at-le-rosey\\\/#primaryimage\"},\"image\":{\"@id\":\"https:\\\/\\\/www.swisslearning.com\\\/ru\\\/news\\\/culture-counts-a-celebration-of-diversity-at-le-rosey\\\/#primaryimage\"},\"thumbnailUrl\":\"https:\\\/\\\/www.swisslearning.com\\\/wp-content\\\/uploads\\\/2021\\\/07\\\/News-2-Diversity-Culture-at-Le-Rosey-1.jpg\",\"datePublished\":\"2021-07-13T06:01:12+00:00\",\"author\":{\"@id\":\"https:\\\/\\\/www.swisslearning.com\\\/#\\\/schema\\\/person\\\/512a780e070f7061a72b72aa9cdcc844\"},\"description\":\"Culture Counts: a celebration of diversity at Le Rosey\",\"breadcrumb\":{\"@id\":\"https:\\\/\\\/www.swisslearning.com\\\/ru\\\/news\\\/culture-counts-a-celebration-of-diversity-at-le-rosey\\\/#breadcrumb\"},\"inLanguage\":\"pt-BR\",\"potentialAction\":[{\"@type\":\"ReadAction\",\"target\":[\"https:\\\/\\\/www.swisslearning.com\\\/ru\\\/news\\\/culture-counts-a-celebration-of-diversity-at-le-rosey\\\/\"]}]},{\"@type\":\"ImageObject\",\"inLanguage\":\"pt-BR\",\"@id\":\"https:\\\/\\\/www.swisslearning.com\\\/ru\\\/news\\\/culture-counts-a-celebration-of-diversity-at-le-rosey\\\/#primaryimage\",\"url\":\"https:\\\/\\\/www.swisslearning.com\\\/wp-content\\\/uploads\\\/2021\\\/07\\\/News-2-Diversity-Culture-at-Le-Rosey-1.jpg\",\"contentUrl\":\"https:\\\/\\\/www.swisslearning.com\\\/wp-content\\\/uploads\\\/2021\\\/07\\\/News-2-Diversity-Culture-at-Le-Rosey-1.jpg\",\"width\":1800,\"height\":1200},{\"@type\":\"BreadcrumbList\",\"@id\":\"https:\\\/\\\/www.swisslearning.com\\\/ru\\\/news\\\/culture-counts-a-celebration-of-diversity-at-le-rosey\\\/#breadcrumb\",\"itemListElement\":[{\"@type\":\"ListItem\",\"position\":1,\"name\":\"Home\",\"item\":\"https:\\\/\\\/www.swisslearning.com\\\/\"},{\"@type\":\"ListItem\",\"position\":2,\"name\":\"Culture Counts: a celebration of diversity at Le Rosey\"}]},{\"@type\":\"WebSite\",\"@id\":\"https:\\\/\\\/www.swisslearning.com\\\/#website\",\"url\":\"https:\\\/\\\/www.swisslearning.com\\\/\",\"name\":\"Swiss Learning\",\"description\":\"BOARDING SCHOOLS, HOTEL MANAGEMENT SCHOOLS AND CAMPS IN SWITZERLAND\",\"potentialAction\":[{\"@type\":\"SearchAction\",\"target\":{\"@type\":\"EntryPoint\",\"urlTemplate\":\"https:\\\/\\\/www.swisslearning.com\\\/?s={search_term_string}\"},\"query-input\":{\"@type\":\"PropertyValueSpecification\",\"valueRequired\":true,\"valueName\":\"search_term_string\"}}],\"inLanguage\":\"pt-BR\"},{\"@type\":\"Person\",\"@id\":\"https:\\\/\\\/www.swisslearning.com\\\/#\\\/schema\\\/person\\\/512a780e070f7061a72b72aa9cdcc844\",\"name\":\"Isabelle\",\"image\":{\"@type\":\"ImageObject\",\"inLanguage\":\"pt-BR\",\"@id\":\"https:\\\/\\\/secure.gravatar.com\\\/avatar\\\/fe546a12218bf41a42b91135de2222e01f5b175bea26679715cc0130484df73f?s=96&d=mm&r=g\",\"url\":\"https:\\\/\\\/secure.gravatar.com\\\/avatar\\\/fe546a12218bf41a42b91135de2222e01f5b175bea26679715cc0130484df73f?s=96&d=mm&r=g\",\"contentUrl\":\"https:\\\/\\\/secure.gravatar.com\\\/avatar\\\/fe546a12218bf41a42b91135de2222e01f5b175bea26679715cc0130484df73f?s=96&d=mm&r=g\",\"caption\":\"Isabelle\"},\"url\":\"https:\\\/\\\/www.swisslearning.com\\\/pt\\\/author\\\/isabelle\\\/\"}]}<\/script>\n<!-- \/ Yoast SEO plugin. -->","yoast_head_json":{"title":"Culture Counts: uma celebra\u00e7\u00e3o da diversidade em Le Rosey - Swiss Learning","description":"A cultura conta: uma celebra\u00e7\u00e3o da diversidade no Le Rosey","robots":{"index":"index","follow":"follow","max-snippet":"max-snippet:-1","max-image-preview":"max-image-preview:large","max-video-preview":"max-video-preview:-1"},"canonical":"https:\/\/www.swisslearning.com\/pt\/news\/culture-counts-a-celebration-of-diversity-at-le-rosey\/","og_locale":"pt_BR","og_type":"article","og_title":"Culture Counts: a celebration of diversity at Le Rosey - Swiss Learning","og_description":"Culture Counts: a celebration of diversity at Le Rosey","og_url":"https:\/\/www.swisslearning.com\/pt\/news\/culture-counts-a-celebration-of-diversity-at-le-rosey\/","og_site_name":"Swiss Learning","article_publisher":"https:\/\/www.facebook.com\/swisslearning","article_published_time":"2021-07-13T06:01:12+00:00","og_image":[{"width":1024,"height":683,"url":"https:\/\/www.swisslearning.com\/wp-content\/uploads\/2021\/07\/News-2-Diversity-Culture-at-Le-Rosey-1-1024x683.jpg","type":"image\/jpeg"}],"author":"Isabelle","twitter_card":"summary_large_image","twitter_misc":{"Escrito por":"Isabelle","Est. tempo de leitura":"2 minutos"},"schema":{"@context":"https:\/\/schema.org","@graph":[{"@type":"Article","@id":"https:\/\/www.swisslearning.com\/ru\/news\/culture-counts-a-celebration-of-diversity-at-le-rosey\/#article","isPartOf":{"@id":"https:\/\/www.swisslearning.com\/ru\/news\/culture-counts-a-celebration-of-diversity-at-le-rosey\/"},"author":{"name":"Isabelle","@id":"https:\/\/www.swisslearning.com\/#\/schema\/person\/512a780e070f7061a72b72aa9cdcc844"},"headline":"Culture Counts: a celebration of diversity at Le Rosey","datePublished":"2021-07-13T06:01:12+00:00","mainEntityOfPage":{"@id":"https:\/\/www.swisslearning.com\/ru\/news\/culture-counts-a-celebration-of-diversity-at-le-rosey\/"},"wordCount":250,"image":{"@id":"https:\/\/www.swisslearning.com\/ru\/news\/culture-counts-a-celebration-of-diversity-at-le-rosey\/#primaryimage"},"thumbnailUrl":"https:\/\/www.swisslearning.com\/wp-content\/uploads\/2021\/07\/News-2-Diversity-Culture-at-Le-Rosey-1.jpg","articleSection":["News"],"inLanguage":"pt-BR"},{"@type":"WebPage","@id":"https:\/\/www.swisslearning.com\/ru\/news\/culture-counts-a-celebration-of-diversity-at-le-rosey\/","url":"https:\/\/www.swisslearning.com\/ru\/news\/culture-counts-a-celebration-of-diversity-at-le-rosey\/","name":"Culture Counts: uma celebra\u00e7\u00e3o da diversidade em Le Rosey - Swiss Learning","isPartOf":{"@id":"https:\/\/www.swisslearning.com\/#website"},"primaryImageOfPage":{"@id":"https:\/\/www.swisslearning.com\/ru\/news\/culture-counts-a-celebration-of-diversity-at-le-rosey\/#primaryimage"},"image":{"@id":"https:\/\/www.swisslearning.com\/ru\/news\/culture-counts-a-celebration-of-diversity-at-le-rosey\/#primaryimage"},"thumbnailUrl":"https:\/\/www.swisslearning.com\/wp-content\/uploads\/2021\/07\/News-2-Diversity-Culture-at-Le-Rosey-1.jpg","datePublished":"2021-07-13T06:01:12+00:00","author":{"@id":"https:\/\/www.swisslearning.com\/#\/schema\/person\/512a780e070f7061a72b72aa9cdcc844"},"description":"A cultura conta: uma celebra\u00e7\u00e3o da diversidade no Le Rosey","breadcrumb":{"@id":"https:\/\/www.swisslearning.com\/ru\/news\/culture-counts-a-celebration-of-diversity-at-le-rosey\/#breadcrumb"},"inLanguage":"pt-BR","potentialAction":[{"@type":"ReadAction","target":["https:\/\/www.swisslearning.com\/ru\/news\/culture-counts-a-celebration-of-diversity-at-le-rosey\/"]}]},{"@type":"ImageObject","inLanguage":"pt-BR","@id":"https:\/\/www.swisslearning.com\/ru\/news\/culture-counts-a-celebration-of-diversity-at-le-rosey\/#primaryimage","url":"https:\/\/www.swisslearning.com\/wp-content\/uploads\/2021\/07\/News-2-Diversity-Culture-at-Le-Rosey-1.jpg","contentUrl":"https:\/\/www.swisslearning.com\/wp-content\/uploads\/2021\/07\/News-2-Diversity-Culture-at-Le-Rosey-1.jpg","width":1800,"height":1200},{"@type":"BreadcrumbList","@id":"https:\/\/www.swisslearning.com\/ru\/news\/culture-counts-a-celebration-of-diversity-at-le-rosey\/#breadcrumb","itemListElement":[{"@type":"ListItem","position":1,"name":"Home","item":"https:\/\/www.swisslearning.com\/"},{"@type":"ListItem","position":2,"name":"Culture Counts: a celebration of diversity at Le Rosey"}]},{"@type":"WebSite","@id":"https:\/\/www.swisslearning.com\/#website","url":"https:\/\/www.swisslearning.com\/","name":"Swiss Learning","description":"ESCOLAS DE EMBARQUE, ESCOLAS DE GEST\u00c3O DE HOTELARIA E CAMPS NA SU\u00cd\u00c7A","potentialAction":[{"@type":"SearchAction","target":{"@type":"EntryPoint","urlTemplate":"https:\/\/www.swisslearning.com\/?s={search_term_string}"},"query-input":{"@type":"PropertyValueSpecification","valueRequired":true,"valueName":"search_term_string"}}],"inLanguage":"pt-BR"},{"@type":"Person","@id":"https:\/\/www.swisslearning.com\/#\/schema\/person\/512a780e070f7061a72b72aa9cdcc844","name":"Isabelle","image":{"@type":"ImageObject","inLanguage":"pt-BR","@id":"https:\/\/secure.gravatar.com\/avatar\/fe546a12218bf41a42b91135de2222e01f5b175bea26679715cc0130484df73f?s=96&d=mm&r=g","url":"https:\/\/secure.gravatar.com\/avatar\/fe546a12218bf41a42b91135de2222e01f5b175bea26679715cc0130484df73f?s=96&d=mm&r=g","contentUrl":"https:\/\/secure.gravatar.com\/avatar\/fe546a12218bf41a42b91135de2222e01f5b175bea26679715cc0130484df73f?s=96&d=mm&r=g","caption":"Isabelle"},"url":"https:\/\/www.swisslearning.com\/pt\/author\/isabelle\/"}]}},"_links":{"self":[{"href":"https:\/\/www.swisslearning.com\/pt\/wp-json\/wp\/v2\/posts\/8582","targetHints":{"allow":["GET"]}}],"collection":[{"href":"https:\/\/www.swisslearning.com\/pt\/wp-json\/wp\/v2\/posts"}],"about":[{"href":"https:\/\/www.swisslearning.com\/pt\/wp-json\/wp\/v2\/types\/post"}],"author":[{"embeddable":true,"href":"https:\/\/www.swisslearning.com\/pt\/wp-json\/wp\/v2\/users\/3"}],"replies":[{"embeddable":true,"href":"https:\/\/www.swisslearning.com\/pt\/wp-json\/wp\/v2\/comments?post=8582"}],"version-history":[{"count":0,"href":"https:\/\/www.swisslearning.com\/pt\/wp-json\/wp\/v2\/posts\/8582\/revisions"}],"wp:featuredmedia":[{"embeddable":true,"href":"https:\/\/www.swisslearning.com\/pt\/wp-json\/wp\/v2\/media\/8556"}],"wp:attachment":[{"href":"https:\/\/www.swisslearning.com\/pt\/wp-json\/wp\/v2\/media?parent=8582"}],"wp:term":[{"taxonomy":"category","embeddable":true,"href":"https:\/\/www.swisslearning.com\/pt\/wp-json\/wp\/v2\/categories?post=8582"},{"taxonomy":"post_tag","embeddable":true,"href":"https:\/\/www.swisslearning.com\/pt\/wp-json\/wp\/v2\/tags?post=8582"}],"curies":[{"name":"wp","href":"https:\/\/api.w.org\/{rel}","templated":true}]}}