{"id":13244,"date":"2026-01-30T15:19:22","date_gmt":"2026-01-30T15:19:22","guid":{"rendered":"https:\/\/www.swisslearning.com\/?p=13244"},"modified":"2026-03-03T20:25:43","modified_gmt":"2026-03-03T20:25:43","slug":"swiss-learning-in-paris-in-march-18th-2026","status":"publish","type":"post","link":"https:\/\/www.swisslearning.com\/ru\/comingsoon\/swiss-learning-in-paris-in-march-18th-2026\/","title":{"rendered":"\u041f\u0440\u043e\u0433\u0440\u0430\u043c\u043c\u0430 Swiss Learning \u0432 \u041f\u0430\u0440\u0438\u0436\u0435 18 \u043c\u0430\u0440\u0442\u0430 2026 \u0433\u043e\u0434\u0430"},"content":{"rendered":"<p class=\"has-text-align-center\">\u041f\u043e\u0441\u043e\u043b \u0428\u0432\u0435\u0439\u0446\u0430\u0440\u0438\u0438 \u0432\u043e \u0424\u0440\u0430\u043d\u0446\u0438\u0438 \u0433-\u0436\u0430 \u0422\u0430\u043d\u044f \u041a\u0430\u0432\u0430\u0441\u0441\u0438\u043d\u0438, <\/p>\n\n\n\n<p class=\"has-text-align-center\">\u0438 \u041c. \u041a\u0440\u0438\u0441\u0442\u043e\u0444-\u041a\u0441\u0430\u0432\u044c\u0435 \u041a\u043b\u0438\u0432\u0430\u0437, \u0424\u043e\u043d\u0434 \u0448\u0432\u0435\u0439\u0446\u0430\u0440\u0441\u043a\u043e\u0433\u043e \u043e\u0431\u0443\u0447\u0435\u043d\u0438\u044f,<\/p>\n\n\n\n<p class=\"has-text-align-center\">ont le plaisir de convier les amis de la Suisse \u00e0 une rencontre sur le theme<\/p>\n\n\n\n<p><\/p>\n\n\n\n<p class=\"has-text-align-center\"><strong>\u0413\u043e\u0442\u043e\u0432\u043b\u044e\u0441\u044c \u043a \u0436\u0438\u0437\u043d\u0438 \u0432 \u043c\u0438\u0440\u0435 \u0431\u0435\u0437 \u0433\u0440\u0430\u043d\u0438\u0446<\/strong><\/p>\n\n\n\n<p><\/p>\n\n\n\n<p class=\"has-text-align-center\">\u00c0 quelques heures de Paris, \u043d\u043e\u0432\u043e\u0435 \u0432\u0438\u0434\u0435\u043d\u0438\u0435 \u043e\u0431\u0440\u0430\u0437\u043e\u0432\u0430\u043d\u0438\u044f<\/p>\n\n\n\n<p><\/p>\n\n\n\n<p class=\"has-text-align-center\"><strong>\u0421\u0440\u0435\u0434\u0430, 18 \u043c\u0430\u0440\u0442\u0430 2026 \u0433.<\/strong><\/p>\n\n\n\n<p class=\"has-text-align-center\"><strong>18:30 \u2013 21:00<\/strong><\/p>\n\n\n\n<p><\/p>\n\n\n\n<p class=\"has-text-align-center\">\u041f\u043e\u0441\u043e\u043b\u044c\u0441\u0442\u0432\u043e \u0428\u0432\u0435\u0439\u0446\u0430\u0440\u0438\u0438<\/p>\n\n\n\n<p class=\"has-text-align-center\">142, \u0443\u043b\u0438\u0446\u0430 \u0434\u0435 \u0413\u0440\u0435\u043d\u0435\u043b\u044c<\/p>\n\n\n\n<p class=\"has-text-align-center\">75007 \u041f\u0430\u0440\u0438\u0436, \u0424\u0440\u0430\u043d\u0446\u0438\u044f<\/p>\n\n\n\n<p><\/p>\n\n\n\n<p class=\"has-text-align-center\">Tenue de ville<\/p>\n\n\n\n<p class=\"has-text-align-center\">Lors du \u043a\u043e\u043a\u0442\u0435\u0439\u043b\u044c, vous aurez l&#039;occasion de rencontrer les Directores des \u00e9coles et des Camps les plus reput\u00e9s de Suisse.<\/p>\n\n\n\n<p class=\"has-text-align-center\">RSVP par ce LIEN<\/p>\n\n\n\n<p class=\"has-text-align-center\">\u0412\u044b \u043c\u043e\u0436\u0435\u0442\u0435 \u043e\u0442\u043f\u0440\u0430\u0432\u0438\u0442\u044c \u044d\u043b\u0435\u043a\u0442\u0440\u043e\u043d\u043d\u043e\u0435 \u043f\u0438\u0441\u044c\u043c\u043e \u043f\u043e \u0430\u0434\u0440\u0435\u0441\u0443 Conference@swisslearning.com.<\/p>\n\n\n\n<p class=\"has-text-align-center\"><\/p>\n\n\n\n<div data-wp-interactive=\"core\/file\" class=\"wp-block-file\"><object data-wp-bind--hidden=\"!state.hasPdfPreview\" hidden class=\"wp-block-file__embed\" data=\"https:\/\/www.swisslearning.com\/wp-content\/uploads\/2026\/01\/2026-Invitation-Paris-3.pdf\" type=\"application\/pdf\" style=\"width:100%;height:600px\" aria-label=\"\u0412\u0441\u0442\u0430\u0432\u043a\u0430 2026 \u041f\u0440\u0438\u0433\u043b\u0430\u0448\u0435\u043d\u0438\u0435 \u041f\u0430\u0440\u0438\u0436 (3)\"><\/object><a id=\"wp-block-file--media-e7fdc681-c759-402a-887e-c0b382906906\" href=\"https:\/\/www.swisslearning.com\/wp-content\/uploads\/2026\/01\/2026-Invitation-Paris-3.pdf\">\u041f\u0440\u0438\u0433\u043b\u0430\u0448\u0435\u043d\u0438\u0435 2026 \u0433\u043e\u0434\u0430, \u041f\u0430\u0440\u0438\u0436 (3)<\/a><a href=\"https:\/\/www.swisslearning.com\/wp-content\/uploads\/2026\/01\/2026-Invitation-Paris-3.pdf\" class=\"wp-block-file__button wp-element-button\" download aria-describedby=\"wp-block-file--media-e7fdc681-c759-402a-887e-c0b382906906\">\u0421\u043a\u0430\u0447\u0430\u0442\u044c<\/a><\/div>","protected":false},"excerpt":{"rendered":"<p>L\u2019Ambassadrice de Suisse en France Mme Tania Cavassini, et M. Christophe-Xavier Clivaz, Fondateur de Swiss Learning, ont le plaisir de convier les amis de la Suisse \u00e0 une rencontre sur le th\u00e8me Pr\u00e9parer son enfant \u00e0 un monde sans fronti\u00e8res \u00c0 quelques heures de Paris, une autre vision de l\u2019\u00e9ducation Mercredi 18 mars 2026 18:30 [&hellip;]<\/p>\n","protected":false},"author":19,"featured_media":13251,"comment_status":"closed","ping_status":"open","sticky":false,"template":"","format":"standard","meta":{"footnotes":""},"categories":[63],"tags":[],"class_list":["post-13244","post","type-post","status-publish","format-standard","has-post-thumbnail","hentry","category-comingsoon"],"yoast_head":"<!-- This site is optimized with the Yoast SEO plugin v27.5 - https:\/\/yoast.com\/product\/yoast-seo-wordpress\/ -->\n<title>Swiss Learning in Lagos 7th May 2025<\/title>\n<meta name=\"description\" content=\"Swiss Learning in Lagos 7th May 2025\" \/>\n<meta name=\"robots\" content=\"index, follow, max-snippet:-1, max-image-preview:large, max-video-preview:-1\" \/>\n<link rel=\"canonical\" href=\"https:\/\/www.swisslearning.com\/ru\/comingsoon\/swiss-learning-in-paris-in-march-18th-2026\/\" \/>\n<meta property=\"og:locale\" content=\"ru_RU\" \/>\n<meta property=\"og:type\" content=\"article\" \/>\n<meta property=\"og:title\" content=\"Swiss Learning in Lagos 7th May 2025\" \/>\n<meta property=\"og:description\" content=\"Swiss Learning in Lagos 7th May 2025\" \/>\n<meta property=\"og:url\" content=\"https:\/\/www.swisslearning.com\/ru\/comingsoon\/swiss-learning-in-paris-in-march-18th-2026\/\" \/>\n<meta property=\"og:site_name\" content=\"Swiss Learning\" \/>\n<meta property=\"article:publisher\" content=\"https:\/\/www.facebook.com\/swisslearning\" \/>\n<meta property=\"article:published_time\" content=\"2026-01-30T15:19:22+00:00\" \/>\n<meta property=\"article:modified_time\" content=\"2026-03-03T20:25:43+00:00\" \/>\n<meta property=\"og:image\" content=\"https:\/\/www.swisslearning.com\/wp-content\/uploads\/2026\/01\/Flag_of_France.svg_.png\" \/>\n\t<meta property=\"og:image:width\" content=\"960\" \/>\n\t<meta property=\"og:image:height\" content=\"640\" \/>\n\t<meta property=\"og:image:type\" content=\"image\/png\" \/>\n<meta name=\"author\" content=\"communications\" \/>\n<meta name=\"twitter:card\" content=\"summary_large_image\" \/>\n<meta name=\"twitter:label1\" content=\"\u041d\u0430\u043f\u0438\u0441\u0430\u043d\u043e \u0430\u0432\u0442\u043e\u0440\u043e\u043c\" \/>\n\t<meta name=\"twitter:data1\" content=\"communications\" \/>\n\t<meta name=\"twitter:label2\" content=\"\u041f\u0440\u0438\u043c\u0435\u0440\u043d\u043e\u0435 \u0432\u0440\u0435\u043c\u044f \u0434\u043b\u044f \u0447\u0442\u0435\u043d\u0438\u044f\" \/>\n\t<meta name=\"twitter:data2\" content=\"8 \u043c\u0438\u043d\u0443\u0442\" \/>\n<script type=\"application\/ld+json\" class=\"yoast-schema-graph\">{\"@context\":\"https:\\\/\\\/schema.org\",\"@graph\":[{\"@type\":\"Article\",\"@id\":\"https:\\\/\\\/www.swisslearning.com\\\/comingsoon\\\/swiss-learning-in-paris-in-march-18th-2026\\\/#article\",\"isPartOf\":{\"@id\":\"https:\\\/\\\/www.swisslearning.com\\\/comingsoon\\\/swiss-learning-in-paris-in-march-18th-2026\\\/\"},\"author\":{\"name\":\"communications\",\"@id\":\"https:\\\/\\\/www.swisslearning.com\\\/#\\\/schema\\\/person\\\/0f3fd99c776b3a658fa6e3266b7e196a\"},\"headline\":\"Swiss Learning in Paris in March 18th 2026\",\"datePublished\":\"2026-01-30T15:19:22+00:00\",\"dateModified\":\"2026-03-03T20:25:43+00:00\",\"mainEntityOfPage\":{\"@id\":\"https:\\\/\\\/www.swisslearning.com\\\/comingsoon\\\/swiss-learning-in-paris-in-march-18th-2026\\\/\"},\"wordCount\":109,\"image\":{\"@id\":\"https:\\\/\\\/www.swisslearning.com\\\/comingsoon\\\/swiss-learning-in-paris-in-march-18th-2026\\\/#primaryimage\"},\"thumbnailUrl\":\"https:\\\/\\\/www.swisslearning.com\\\/wp-content\\\/uploads\\\/2026\\\/01\\\/Flag_of_France.svg_.png\",\"articleSection\":[\"Comingsoon\"],\"inLanguage\":\"ru-RU\"},{\"@type\":\"WebPage\",\"@id\":\"https:\\\/\\\/www.swisslearning.com\\\/comingsoon\\\/swiss-learning-in-paris-in-march-18th-2026\\\/\",\"url\":\"https:\\\/\\\/www.swisslearning.com\\\/comingsoon\\\/swiss-learning-in-paris-in-march-18th-2026\\\/\",\"name\":\"Swiss Learning in Lagos 7th May 2025\",\"isPartOf\":{\"@id\":\"https:\\\/\\\/www.swisslearning.com\\\/#website\"},\"primaryImageOfPage\":{\"@id\":\"https:\\\/\\\/www.swisslearning.com\\\/comingsoon\\\/swiss-learning-in-paris-in-march-18th-2026\\\/#primaryimage\"},\"image\":{\"@id\":\"https:\\\/\\\/www.swisslearning.com\\\/comingsoon\\\/swiss-learning-in-paris-in-march-18th-2026\\\/#primaryimage\"},\"thumbnailUrl\":\"https:\\\/\\\/www.swisslearning.com\\\/wp-content\\\/uploads\\\/2026\\\/01\\\/Flag_of_France.svg_.png\",\"datePublished\":\"2026-01-30T15:19:22+00:00\",\"dateModified\":\"2026-03-03T20:25:43+00:00\",\"author\":{\"@id\":\"https:\\\/\\\/www.swisslearning.com\\\/#\\\/schema\\\/person\\\/0f3fd99c776b3a658fa6e3266b7e196a\"},\"description\":\"Swiss Learning in Lagos 7th May 2025\",\"breadcrumb\":{\"@id\":\"https:\\\/\\\/www.swisslearning.com\\\/comingsoon\\\/swiss-learning-in-paris-in-march-18th-2026\\\/#breadcrumb\"},\"inLanguage\":\"ru-RU\",\"potentialAction\":[{\"@type\":\"ReadAction\",\"target\":[\"https:\\\/\\\/www.swisslearning.com\\\/comingsoon\\\/swiss-learning-in-paris-in-march-18th-2026\\\/\"]}]},{\"@type\":\"ImageObject\",\"inLanguage\":\"ru-RU\",\"@id\":\"https:\\\/\\\/www.swisslearning.com\\\/comingsoon\\\/swiss-learning-in-paris-in-march-18th-2026\\\/#primaryimage\",\"url\":\"https:\\\/\\\/www.swisslearning.com\\\/wp-content\\\/uploads\\\/2026\\\/01\\\/Flag_of_France.svg_.png\",\"contentUrl\":\"https:\\\/\\\/www.swisslearning.com\\\/wp-content\\\/uploads\\\/2026\\\/01\\\/Flag_of_France.svg_.png\",\"width\":960,\"height\":640},{\"@type\":\"BreadcrumbList\",\"@id\":\"https:\\\/\\\/www.swisslearning.com\\\/comingsoon\\\/swiss-learning-in-paris-in-march-18th-2026\\\/#breadcrumb\",\"itemListElement\":[{\"@type\":\"ListItem\",\"position\":1,\"name\":\"Home\",\"item\":\"https:\\\/\\\/www.swisslearning.com\\\/\"},{\"@type\":\"ListItem\",\"position\":2,\"name\":\"Swiss Learning in Paris in March 18th 2026\"}]},{\"@type\":\"WebSite\",\"@id\":\"https:\\\/\\\/www.swisslearning.com\\\/#website\",\"url\":\"https:\\\/\\\/www.swisslearning.com\\\/\",\"name\":\"Swiss Learning\",\"description\":\"BOARDING SCHOOLS, HOTEL MANAGEMENT SCHOOLS AND CAMPS IN SWITZERLAND\",\"potentialAction\":[{\"@type\":\"SearchAction\",\"target\":{\"@type\":\"EntryPoint\",\"urlTemplate\":\"https:\\\/\\\/www.swisslearning.com\\\/?s={search_term_string}\"},\"query-input\":{\"@type\":\"PropertyValueSpecification\",\"valueRequired\":true,\"valueName\":\"search_term_string\"}}],\"inLanguage\":\"ru-RU\"},{\"@type\":\"Person\",\"@id\":\"https:\\\/\\\/www.swisslearning.com\\\/#\\\/schema\\\/person\\\/0f3fd99c776b3a658fa6e3266b7e196a\",\"name\":\"communications\",\"image\":{\"@type\":\"ImageObject\",\"inLanguage\":\"ru-RU\",\"@id\":\"https:\\\/\\\/secure.gravatar.com\\\/avatar\\\/0f6667a8dc6b387649b3ade1d1f9b423a1deb30269faf07c7063cc993e0c7312?s=96&d=mm&r=g\",\"url\":\"https:\\\/\\\/secure.gravatar.com\\\/avatar\\\/0f6667a8dc6b387649b3ade1d1f9b423a1deb30269faf07c7063cc993e0c7312?s=96&d=mm&r=g\",\"contentUrl\":\"https:\\\/\\\/secure.gravatar.com\\\/avatar\\\/0f6667a8dc6b387649b3ade1d1f9b423a1deb30269faf07c7063cc993e0c7312?s=96&d=mm&r=g\",\"caption\":\"communications\"},\"url\":\"https:\\\/\\\/www.swisslearning.com\\\/ru\\\/author\\\/communications\\\/\"}]}<\/script>\n<!-- \/ Yoast SEO plugin. -->","yoast_head_json":{"title":"Swiss Learning \u0432 \u041b\u0430\u0433\u043e\u0441\u0435 7 \u043c\u0430\u044f 2025 \u0433.","description":"Swiss Learning \u0432 \u041b\u0430\u0433\u043e\u0441\u0435 7 \u043c\u0430\u044f 2025 \u0433.","robots":{"index":"index","follow":"follow","max-snippet":"max-snippet:-1","max-image-preview":"max-image-preview:large","max-video-preview":"max-video-preview:-1"},"canonical":"https:\/\/www.swisslearning.com\/ru\/comingsoon\/swiss-learning-in-paris-in-march-18th-2026\/","og_locale":"ru_RU","og_type":"article","og_title":"Swiss Learning in Lagos 7th May 2025","og_description":"Swiss Learning in Lagos 7th May 2025","og_url":"https:\/\/www.swisslearning.com\/ru\/comingsoon\/swiss-learning-in-paris-in-march-18th-2026\/","og_site_name":"Swiss Learning","article_publisher":"https:\/\/www.facebook.com\/swisslearning","article_published_time":"2026-01-30T15:19:22+00:00","article_modified_time":"2026-03-03T20:25:43+00:00","og_image":[{"width":960,"height":640,"url":"https:\/\/www.swisslearning.com\/wp-content\/uploads\/2026\/01\/Flag_of_France.svg_.png","type":"image\/png"}],"author":"communications","twitter_card":"summary_large_image","twitter_misc":{"\u041d\u0430\u043f\u0438\u0441\u0430\u043d\u043e \u0430\u0432\u0442\u043e\u0440\u043e\u043c":"communications","\u041f\u0440\u0438\u043c\u0435\u0440\u043d\u043e\u0435 \u0432\u0440\u0435\u043c\u044f \u0434\u043b\u044f \u0447\u0442\u0435\u043d\u0438\u044f":"8 \u043c\u0438\u043d\u0443\u0442"},"schema":{"@context":"https:\/\/schema.org","@graph":[{"@type":"Article","@id":"https:\/\/www.swisslearning.com\/comingsoon\/swiss-learning-in-paris-in-march-18th-2026\/#article","isPartOf":{"@id":"https:\/\/www.swisslearning.com\/comingsoon\/swiss-learning-in-paris-in-march-18th-2026\/"},"author":{"name":"communications","@id":"https:\/\/www.swisslearning.com\/#\/schema\/person\/0f3fd99c776b3a658fa6e3266b7e196a"},"headline":"Swiss Learning in Paris in March 18th 2026","datePublished":"2026-01-30T15:19:22+00:00","dateModified":"2026-03-03T20:25:43+00:00","mainEntityOfPage":{"@id":"https:\/\/www.swisslearning.com\/comingsoon\/swiss-learning-in-paris-in-march-18th-2026\/"},"wordCount":109,"image":{"@id":"https:\/\/www.swisslearning.com\/comingsoon\/swiss-learning-in-paris-in-march-18th-2026\/#primaryimage"},"thumbnailUrl":"https:\/\/www.swisslearning.com\/wp-content\/uploads\/2026\/01\/Flag_of_France.svg_.png","articleSection":["Comingsoon"],"inLanguage":"ru-RU"},{"@type":"WebPage","@id":"https:\/\/www.swisslearning.com\/comingsoon\/swiss-learning-in-paris-in-march-18th-2026\/","url":"https:\/\/www.swisslearning.com\/comingsoon\/swiss-learning-in-paris-in-march-18th-2026\/","name":"Swiss Learning \u0432 \u041b\u0430\u0433\u043e\u0441\u0435 7 \u043c\u0430\u044f 2025 \u0433.","isPartOf":{"@id":"https:\/\/www.swisslearning.com\/#website"},"primaryImageOfPage":{"@id":"https:\/\/www.swisslearning.com\/comingsoon\/swiss-learning-in-paris-in-march-18th-2026\/#primaryimage"},"image":{"@id":"https:\/\/www.swisslearning.com\/comingsoon\/swiss-learning-in-paris-in-march-18th-2026\/#primaryimage"},"thumbnailUrl":"https:\/\/www.swisslearning.com\/wp-content\/uploads\/2026\/01\/Flag_of_France.svg_.png","datePublished":"2026-01-30T15:19:22+00:00","dateModified":"2026-03-03T20:25:43+00:00","author":{"@id":"https:\/\/www.swisslearning.com\/#\/schema\/person\/0f3fd99c776b3a658fa6e3266b7e196a"},"description":"Swiss Learning \u0432 \u041b\u0430\u0433\u043e\u0441\u0435 7 \u043c\u0430\u044f 2025 \u0433.","breadcrumb":{"@id":"https:\/\/www.swisslearning.com\/comingsoon\/swiss-learning-in-paris-in-march-18th-2026\/#breadcrumb"},"inLanguage":"ru-RU","potentialAction":[{"@type":"ReadAction","target":["https:\/\/www.swisslearning.com\/comingsoon\/swiss-learning-in-paris-in-march-18th-2026\/"]}]},{"@type":"ImageObject","inLanguage":"ru-RU","@id":"https:\/\/www.swisslearning.com\/comingsoon\/swiss-learning-in-paris-in-march-18th-2026\/#primaryimage","url":"https:\/\/www.swisslearning.com\/wp-content\/uploads\/2026\/01\/Flag_of_France.svg_.png","contentUrl":"https:\/\/www.swisslearning.com\/wp-content\/uploads\/2026\/01\/Flag_of_France.svg_.png","width":960,"height":640},{"@type":"BreadcrumbList","@id":"https:\/\/www.swisslearning.com\/comingsoon\/swiss-learning-in-paris-in-march-18th-2026\/#breadcrumb","itemListElement":[{"@type":"ListItem","position":1,"name":"Home","item":"https:\/\/www.swisslearning.com\/"},{"@type":"ListItem","position":2,"name":"Swiss Learning in Paris in March 18th 2026"}]},{"@type":"WebSite","@id":"https:\/\/www.swisslearning.com\/#website","url":"https:\/\/www.swisslearning.com\/","name":"\u0428\u0432\u0435\u0439\u0446\u0430\u0440\u0441\u043a\u043e\u0435 \u043e\u0431\u0443\u0447\u0435\u043d\u0438\u0435","description":"\u0428\u041a\u041e\u041b\u042b-\u0418\u041d\u0422\u0415\u0420\u041d\u0410\u0422\u042b, \u0428\u041a\u041e\u041b\u042b \u0423\u041f\u0420\u0410\u0412\u041b\u0415\u041d\u0418\u042f \u041e\u0422\u0415\u041b\u042f\u041c\u0418 \u0418 \u041b\u0410\u0413\u0415\u0420\u042f \u0412 \u0428\u0412\u0415\u0419\u0426\u0410\u0420\u0418\u0418","potentialAction":[{"@type":"SearchAction","target":{"@type":"EntryPoint","urlTemplate":"https:\/\/www.swisslearning.com\/?s={search_term_string}"},"query-input":{"@type":"PropertyValueSpecification","valueRequired":true,"valueName":"search_term_string"}}],"inLanguage":"ru-RU"},{"@type":"Person","@id":"https:\/\/www.swisslearning.com\/#\/schema\/person\/0f3fd99c776b3a658fa6e3266b7e196a","name":"\u043a\u043e\u043c\u043c\u0443\u043d\u0438\u043a\u0430\u0446\u0438\u0438","image":{"@type":"ImageObject","inLanguage":"ru-RU","@id":"https:\/\/secure.gravatar.com\/avatar\/0f6667a8dc6b387649b3ade1d1f9b423a1deb30269faf07c7063cc993e0c7312?s=96&d=mm&r=g","url":"https:\/\/secure.gravatar.com\/avatar\/0f6667a8dc6b387649b3ade1d1f9b423a1deb30269faf07c7063cc993e0c7312?s=96&d=mm&r=g","contentUrl":"https:\/\/secure.gravatar.com\/avatar\/0f6667a8dc6b387649b3ade1d1f9b423a1deb30269faf07c7063cc993e0c7312?s=96&d=mm&r=g","caption":"communications"},"url":"https:\/\/www.swisslearning.com\/ru\/author\/communications\/"}]}},"_links":{"self":[{"href":"https:\/\/www.swisslearning.com\/ru\/wp-json\/wp\/v2\/posts\/13244","targetHints":{"allow":["GET"]}}],"collection":[{"href":"https:\/\/www.swisslearning.com\/ru\/wp-json\/wp\/v2\/posts"}],"about":[{"href":"https:\/\/www.swisslearning.com\/ru\/wp-json\/wp\/v2\/types\/post"}],"author":[{"embeddable":true,"href":"https:\/\/www.swisslearning.com\/ru\/wp-json\/wp\/v2\/users\/19"}],"replies":[{"embeddable":true,"href":"https:\/\/www.swisslearning.com\/ru\/wp-json\/wp\/v2\/comments?post=13244"}],"version-history":[{"count":8,"href":"https:\/\/www.swisslearning.com\/ru\/wp-json\/wp\/v2\/posts\/13244\/revisions"}],"predecessor-version":[{"id":13434,"href":"https:\/\/www.swisslearning.com\/ru\/wp-json\/wp\/v2\/posts\/13244\/revisions\/13434"}],"wp:featuredmedia":[{"embeddable":true,"href":"https:\/\/www.swisslearning.com\/ru\/wp-json\/wp\/v2\/media\/13251"}],"wp:attachment":[{"href":"https:\/\/www.swisslearning.com\/ru\/wp-json\/wp\/v2\/media?parent=13244"}],"wp:term":[{"taxonomy":"category","embeddable":true,"href":"https:\/\/www.swisslearning.com\/ru\/wp-json\/wp\/v2\/categories?post=13244"},{"taxonomy":"post_tag","embeddable":true,"href":"https:\/\/www.swisslearning.com\/ru\/wp-json\/wp\/v2\/tags?post=13244"}],"curies":[{"name":"WP","href":"https:\/\/api.w.org\/{rel}","templated":true}]}}