{"id":11347,"date":"2023-04-06T02:58:07","date_gmt":"2023-04-06T02:58:07","guid":{"rendered":"https:\/\/www.swisslearning.com\/?p=11347"},"modified":"2023-04-13T03:00:31","modified_gmt":"2023-04-13T03:00:31","slug":"aiglon-colleges-belvedere-opening","status":"publish","type":"post","link":"https:\/\/www.swisslearning.com\/tr\/news\/aiglon-colleges-belvedere-opening\/","title":{"rendered":"Aiglon Koleji&#039;nin Belvedere A\u00e7\u0131l\u0131\u015f\u0131 \u2013 Yeni ve g\u00fczel bak\u0131\u015f a\u00e7\u0131lar\u0131 sunuyor"},"content":{"rendered":"<p><\/p>\n\n\n\n<p>Belvedere kelimesi tam anlam\u0131yla &#039;g\u00fczel manzara&#039; anlam\u0131na geliyor ve yepyeni Belvedere pansiyonumuzdan \u015fimdi ne kadar g\u00fczel bir manzaraya sahibiz!.<\/p>\n\n\n\n<p>Nisan 2021&#039;de temel atma t\u00f6reninden sonra 20 ayl\u0131k bir in\u015faat s\u00fcrecinin ard\u0131ndan, Belvedere binam\u0131z\u0131 17 \u015eubat 2023 Cuma g\u00fcn\u00fc resmen a\u00e7m\u0131\u015f olmaktan b\u00fcy\u00fck mutluluk duyuyoruz.<\/p>\n\n\n\n<p>Eski La Dacha adl\u0131 k\u00fc\u00e7\u00fck evin bulundu\u011fu yerde in\u015fa edilen Belvedere, \u0130svi\u00e7reli mimarlar Delacombaz ve Ganz taraf\u0131ndan, Exeter&#039;deki Aigon i\u00e7in tasarlad\u0131klar\u0131 \u00f6nceki evlerini an\u0131msatan \u00e7ift katl\u0131 bir da\u011f evi tarz\u0131nda tasarland\u0131.<\/p>\n\n\n\n<p>Okul M\u00fcd\u00fcr\u00fc Nicola Sparrow, hem kamp\u00fcs\u00fc hem de \u00f6\u011frencileri g\u00f6z \u00f6n\u00fcnde bulundurarak, &quot;tasar\u0131mlar\u0131m\u0131zda Aiglon \u00f6\u011frencisinin benzersiz ihtiya\u00e7lar\u0131na \u00f6ncelik veriyoruz&quot; diyor. Yeni Belvedere yatakhanesi 50&#039;den fazla erkek \u00f6\u011frenciyi a\u011f\u0131rlayabiliyor.<\/p>\n\n\n\n<p>Asl\u0131nda yemekhane, Belvedere&#039;nin t\u00fcm \u00f6\u011frencilerini ayn\u0131 anda a\u011f\u0131rlayabilecek kapasitede. Her odan\u0131n ortak bir banyosu var. \u00d6\u011frencilerin kayak ve ke\u015fif ekipmanlar\u0131 da rahatl\u0131kla tesis i\u00e7inde saklanabiliyor. D\u0131\u015far\u0131da ise 5&#039;er ki\u015filik yapay \u00e7imden yap\u0131lm\u0131\u015f bir futbol sahas\u0131 bile bulunuyor.<\/p>\n\n\n\n<p>S\u00fcrd\u00fcr\u00fclebilirlik de projenin tasar\u0131m\u0131nda hayati bir unsur olmu\u015ftur. Belvedere&#039;nin tasar\u0131m\u0131, do\u011fal \u0131\u015f\u0131\u011f\u0131n kullan\u0131m\u0131n\u0131 en \u00fcst d\u00fczeye \u00e7\u0131karmay\u0131 ama\u00e7lamaktad\u0131r. Evde, k\u00fcl miktar\u0131n\u0131 en aza indiren ve yenilenebilir bir enerji kayna\u011f\u0131 olan pelet \u0131s\u0131tma sistemi bulunmaktad\u0131r ve bu sistem, yak\u0131ndaki binalara da \u0131s\u0131tma sa\u011flayacak \u015fekilde kurulmu\u015ftur.<\/p>\n\n\n\n<p>Konaklama birimlerinin optimize edilmesi, Aiglon Kamp\u00fcs Ana Plan\u0131m\u0131z\u0131n kilit unsurlar\u0131ndan biridir ve okulun kar amac\u0131 g\u00fctmeyen stat\u00fcs\u00fc, elde edilen kar\u0131n okula ve \u00f6zellikle tesis geli\u015ftirmelerine yeniden yat\u0131r\u0131lmas\u0131 anlam\u0131na gelir.<\/p>\n\n\n\n<p>Aiglon kamp\u00fcs\u00fc \u015fu anda 23 binadan olu\u015fuyor, bu nedenle Nicola&#039;n\u0131n yerinde bir \u015fekilde tan\u0131mlad\u0131\u011f\u0131 gibi &quot;k\u00f6y i\u00e7inde bir k\u00f6y&quot;\u00fc and\u0131r\u0131yor. Ama\u00e7, yatakhane binalar\u0131n\u0131n \u00e7o\u011funlukla kamp\u00fcs\u00fcn d\u0131\u015f \u00e7evresinde yer almas\u0131, \u00f6\u011frenim tesislerinin ise merkezde yo\u011funla\u015fmas\u0131d\u0131r.&nbsp;<\/p>\n\n\n\n<p>Bu yeni a\u00e7\u0131l\u0131\u015fla birlikte, 1961&#039;de sat\u0131n al\u0131nan eski Belvedere Oteli olan \u00f6nceki Belvedere binas\u0131, yenileme ve yeniden tasar\u0131m i\u00e7in a\u00e7\u0131k kal\u0131yor. Binan\u0131n bir b\u00f6l\u00fcm\u00fcn\u00fcn ileride yeni dersliklere ev sahipli\u011fi yapmas\u0131 planlan\u0131yor.<\/p>\n\n\n\n<p>Son olarak, her evin kendine \u00f6zg\u00fc, kal\u0131c\u0131 bir ruhu vard\u0131r; bu ruh, evin atmosferi, ev y\u00f6neticilerinin ve yard\u0131mc\u0131lar\u0131n\u0131n ki\u015fili\u011fi ve kendi tarihlerinin bir kar\u0131\u015f\u0131m\u0131ndan olu\u015fur. Belvedere&#039;nin ev ruhu, \u015f\u00fcphesiz bu yeni alanla daha da zenginle\u015fecektir.&nbsp;<\/p>\n\n\n\n<p>Belvedere \u00f6\u011frencilerinin bu yepyeni yuvalar\u0131nda kendilerini evlerinde gibi hissetmelerini, burada harika an\u0131lar biriktirmelerini ve bu an\u0131lar\u0131n, mezun olduktan \u00e7ok sonra bile evlerine ba\u011fl\u0131l\u0131klar\u0131n\u0131 s\u00fcrd\u00fcren gelecekteki mezunlar\u0131m\u0131z\u0131n zihinlerinde ve ruhlar\u0131nda ya\u015famaya devam etmesini umuyoruz.&nbsp;<\/p>\n\n\n\n<h1 class=\"wp-block-heading\"><a href=\"https:\/\/www.nordangliaeducation.com\/our-global-network\"><\/a><\/h1>","protected":false},"excerpt":{"rendered":"<p>Belvedere literally means \u2018beautiful view\u2019, and what a beautiful view we now have on and from our brand new Belvedere boarding house. After 20 months of construction work, having broken ground in April 2021, we are elated to have finally officially opened our Belvedere building on Friday 17 February 2023. Situated where the old junior [&hellip;]<\/p>\n","protected":false},"author":3,"featured_media":11348,"comment_status":"closed","ping_status":"open","sticky":false,"template":"","format":"standard","meta":{"footnotes":""},"categories":[31],"tags":[],"class_list":["post-11347","post","type-post","status-publish","format-standard","has-post-thumbnail","hentry","category-news"],"yoast_head":"<!-- This site is optimized with the Yoast SEO plugin v27.4 - https:\/\/yoast.com\/product\/yoast-seo-wordpress\/ -->\n<title>Aiglon College&#039;s Belvedere Opening<\/title>\n<meta name=\"description\" content=\"Aiglon College&#039;s Belvedere Opening - opens up beautiful new perspectives\" \/>\n<meta name=\"robots\" content=\"index, follow, max-snippet:-1, max-image-preview:large, max-video-preview:-1\" \/>\n<link rel=\"canonical\" href=\"https:\/\/www.swisslearning.com\/tr\/news\/aiglon-colleges-belvedere-opening\/\" \/>\n<meta property=\"og:locale\" content=\"tr_TR\" \/>\n<meta property=\"og:type\" content=\"article\" \/>\n<meta property=\"og:title\" content=\"Aiglon College&#039;s Belvedere Opening\" \/>\n<meta property=\"og:description\" content=\"Aiglon College&#039;s Belvedere Opening - opens up beautiful new perspectives\" \/>\n<meta property=\"og:url\" content=\"https:\/\/www.swisslearning.com\/tr\/news\/aiglon-colleges-belvedere-opening\/\" \/>\n<meta property=\"og:site_name\" content=\"Swiss Learning\" \/>\n<meta property=\"article:publisher\" content=\"https:\/\/www.facebook.com\/swisslearning\" \/>\n<meta property=\"article:published_time\" content=\"2023-04-06T02:58:07+00:00\" \/>\n<meta property=\"article:modified_time\" content=\"2023-04-13T03:00:31+00:00\" \/>\n<meta property=\"og:image\" content=\"https:\/\/www.swisslearning.com\/wp-content\/uploads\/2023\/04\/Belvedere.jpeg\" \/>\n\t<meta property=\"og:image:width\" content=\"712\" \/>\n\t<meta property=\"og:image:height\" content=\"515\" \/>\n\t<meta property=\"og:image:type\" content=\"image\/jpeg\" \/>\n<meta name=\"author\" content=\"Isabelle\" \/>\n<meta name=\"twitter:card\" content=\"summary_large_image\" \/>\n<meta name=\"twitter:label1\" content=\"Yazan:\" \/>\n\t<meta name=\"twitter:data1\" content=\"Isabelle\" \/>\n\t<meta name=\"twitter:label2\" content=\"Tahmini okuma s\u00fcresi\" \/>\n\t<meta name=\"twitter:data2\" content=\"6 dakika\" \/>\n<script type=\"application\/ld+json\" class=\"yoast-schema-graph\">{\"@context\":\"https:\\\/\\\/schema.org\",\"@graph\":[{\"@type\":\"Article\",\"@id\":\"https:\\\/\\\/www.swisslearning.com\\\/news\\\/aiglon-colleges-belvedere-opening\\\/#article\",\"isPartOf\":{\"@id\":\"https:\\\/\\\/www.swisslearning.com\\\/news\\\/aiglon-colleges-belvedere-opening\\\/\"},\"author\":{\"name\":\"Isabelle\",\"@id\":\"https:\\\/\\\/www.swisslearning.com\\\/#\\\/schema\\\/person\\\/512a780e070f7061a72b72aa9cdcc844\"},\"headline\":\"Aiglon College&#8217;s Belvedere Opening &#8211; opens up beautiful new perspectives\",\"datePublished\":\"2023-04-06T02:58:07+00:00\",\"dateModified\":\"2023-04-13T03:00:31+00:00\",\"mainEntityOfPage\":{\"@id\":\"https:\\\/\\\/www.swisslearning.com\\\/news\\\/aiglon-colleges-belvedere-opening\\\/\"},\"wordCount\":407,\"image\":{\"@id\":\"https:\\\/\\\/www.swisslearning.com\\\/news\\\/aiglon-colleges-belvedere-opening\\\/#primaryimage\"},\"thumbnailUrl\":\"https:\\\/\\\/www.swisslearning.com\\\/wp-content\\\/uploads\\\/2023\\\/04\\\/Belvedere.jpeg\",\"articleSection\":[\"News\"],\"inLanguage\":\"tr\"},{\"@type\":\"WebPage\",\"@id\":\"https:\\\/\\\/www.swisslearning.com\\\/news\\\/aiglon-colleges-belvedere-opening\\\/\",\"url\":\"https:\\\/\\\/www.swisslearning.com\\\/news\\\/aiglon-colleges-belvedere-opening\\\/\",\"name\":\"Aiglon College's Belvedere Opening\",\"isPartOf\":{\"@id\":\"https:\\\/\\\/www.swisslearning.com\\\/#website\"},\"primaryImageOfPage\":{\"@id\":\"https:\\\/\\\/www.swisslearning.com\\\/news\\\/aiglon-colleges-belvedere-opening\\\/#primaryimage\"},\"image\":{\"@id\":\"https:\\\/\\\/www.swisslearning.com\\\/news\\\/aiglon-colleges-belvedere-opening\\\/#primaryimage\"},\"thumbnailUrl\":\"https:\\\/\\\/www.swisslearning.com\\\/wp-content\\\/uploads\\\/2023\\\/04\\\/Belvedere.jpeg\",\"datePublished\":\"2023-04-06T02:58:07+00:00\",\"dateModified\":\"2023-04-13T03:00:31+00:00\",\"author\":{\"@id\":\"https:\\\/\\\/www.swisslearning.com\\\/#\\\/schema\\\/person\\\/512a780e070f7061a72b72aa9cdcc844\"},\"description\":\"Aiglon College's Belvedere Opening - opens up beautiful new perspectives\",\"breadcrumb\":{\"@id\":\"https:\\\/\\\/www.swisslearning.com\\\/news\\\/aiglon-colleges-belvedere-opening\\\/#breadcrumb\"},\"inLanguage\":\"tr\",\"potentialAction\":[{\"@type\":\"ReadAction\",\"target\":[\"https:\\\/\\\/www.swisslearning.com\\\/news\\\/aiglon-colleges-belvedere-opening\\\/\"]}]},{\"@type\":\"ImageObject\",\"inLanguage\":\"tr\",\"@id\":\"https:\\\/\\\/www.swisslearning.com\\\/news\\\/aiglon-colleges-belvedere-opening\\\/#primaryimage\",\"url\":\"https:\\\/\\\/www.swisslearning.com\\\/wp-content\\\/uploads\\\/2023\\\/04\\\/Belvedere.jpeg\",\"contentUrl\":\"https:\\\/\\\/www.swisslearning.com\\\/wp-content\\\/uploads\\\/2023\\\/04\\\/Belvedere.jpeg\",\"width\":712,\"height\":515},{\"@type\":\"BreadcrumbList\",\"@id\":\"https:\\\/\\\/www.swisslearning.com\\\/news\\\/aiglon-colleges-belvedere-opening\\\/#breadcrumb\",\"itemListElement\":[{\"@type\":\"ListItem\",\"position\":1,\"name\":\"Home\",\"item\":\"https:\\\/\\\/www.swisslearning.com\\\/\"},{\"@type\":\"ListItem\",\"position\":2,\"name\":\"Aiglon College&#8217;s Belvedere Opening &#8211; opens up beautiful new perspectives\"}]},{\"@type\":\"WebSite\",\"@id\":\"https:\\\/\\\/www.swisslearning.com\\\/#website\",\"url\":\"https:\\\/\\\/www.swisslearning.com\\\/\",\"name\":\"Swiss Learning\",\"description\":\"BOARDING SCHOOLS, HOTEL MANAGEMENT SCHOOLS AND CAMPS IN SWITZERLAND\",\"potentialAction\":[{\"@type\":\"SearchAction\",\"target\":{\"@type\":\"EntryPoint\",\"urlTemplate\":\"https:\\\/\\\/www.swisslearning.com\\\/?s={search_term_string}\"},\"query-input\":{\"@type\":\"PropertyValueSpecification\",\"valueRequired\":true,\"valueName\":\"search_term_string\"}}],\"inLanguage\":\"tr\"},{\"@type\":\"Person\",\"@id\":\"https:\\\/\\\/www.swisslearning.com\\\/#\\\/schema\\\/person\\\/512a780e070f7061a72b72aa9cdcc844\",\"name\":\"Isabelle\",\"image\":{\"@type\":\"ImageObject\",\"inLanguage\":\"tr\",\"@id\":\"https:\\\/\\\/secure.gravatar.com\\\/avatar\\\/fe546a12218bf41a42b91135de2222e01f5b175bea26679715cc0130484df73f?s=96&d=mm&r=g\",\"url\":\"https:\\\/\\\/secure.gravatar.com\\\/avatar\\\/fe546a12218bf41a42b91135de2222e01f5b175bea26679715cc0130484df73f?s=96&d=mm&r=g\",\"contentUrl\":\"https:\\\/\\\/secure.gravatar.com\\\/avatar\\\/fe546a12218bf41a42b91135de2222e01f5b175bea26679715cc0130484df73f?s=96&d=mm&r=g\",\"caption\":\"Isabelle\"},\"url\":\"https:\\\/\\\/www.swisslearning.com\\\/tr\\\/author\\\/isabelle\\\/\"}]}<\/script>\n<!-- \/ Yoast SEO plugin. -->","yoast_head_json":{"title":"Aiglon Koleji&#039;nin Belvedere A\u00e7\u0131l\u0131\u015f\u0131","description":"Aiglon Koleji&#039;nin Belvedere A\u00e7\u0131l\u0131\u015f\u0131 - g\u00fczel yeni bak\u0131\u015f a\u00e7\u0131lar\u0131 sunuyor","robots":{"index":"index","follow":"follow","max-snippet":"max-snippet:-1","max-image-preview":"max-image-preview:large","max-video-preview":"max-video-preview:-1"},"canonical":"https:\/\/www.swisslearning.com\/tr\/news\/aiglon-colleges-belvedere-opening\/","og_locale":"tr_TR","og_type":"article","og_title":"Aiglon College's Belvedere Opening","og_description":"Aiglon College's Belvedere Opening - opens up beautiful new perspectives","og_url":"https:\/\/www.swisslearning.com\/tr\/news\/aiglon-colleges-belvedere-opening\/","og_site_name":"Swiss Learning","article_publisher":"https:\/\/www.facebook.com\/swisslearning","article_published_time":"2023-04-06T02:58:07+00:00","article_modified_time":"2023-04-13T03:00:31+00:00","og_image":[{"width":712,"height":515,"url":"https:\/\/www.swisslearning.com\/wp-content\/uploads\/2023\/04\/Belvedere.jpeg","type":"image\/jpeg"}],"author":"Isabelle","twitter_card":"summary_large_image","twitter_misc":{"Yazan:":"Isabelle","Tahmini okuma s\u00fcresi":"6 dakika"},"schema":{"@context":"https:\/\/schema.org","@graph":[{"@type":"Article","@id":"https:\/\/www.swisslearning.com\/news\/aiglon-colleges-belvedere-opening\/#article","isPartOf":{"@id":"https:\/\/www.swisslearning.com\/news\/aiglon-colleges-belvedere-opening\/"},"author":{"name":"Isabelle","@id":"https:\/\/www.swisslearning.com\/#\/schema\/person\/512a780e070f7061a72b72aa9cdcc844"},"headline":"Aiglon College&#8217;s Belvedere Opening &#8211; opens up beautiful new perspectives","datePublished":"2023-04-06T02:58:07+00:00","dateModified":"2023-04-13T03:00:31+00:00","mainEntityOfPage":{"@id":"https:\/\/www.swisslearning.com\/news\/aiglon-colleges-belvedere-opening\/"},"wordCount":407,"image":{"@id":"https:\/\/www.swisslearning.com\/news\/aiglon-colleges-belvedere-opening\/#primaryimage"},"thumbnailUrl":"https:\/\/www.swisslearning.com\/wp-content\/uploads\/2023\/04\/Belvedere.jpeg","articleSection":["News"],"inLanguage":"tr"},{"@type":"WebPage","@id":"https:\/\/www.swisslearning.com\/news\/aiglon-colleges-belvedere-opening\/","url":"https:\/\/www.swisslearning.com\/news\/aiglon-colleges-belvedere-opening\/","name":"Aiglon Koleji&#039;nin Belvedere A\u00e7\u0131l\u0131\u015f\u0131","isPartOf":{"@id":"https:\/\/www.swisslearning.com\/#website"},"primaryImageOfPage":{"@id":"https:\/\/www.swisslearning.com\/news\/aiglon-colleges-belvedere-opening\/#primaryimage"},"image":{"@id":"https:\/\/www.swisslearning.com\/news\/aiglon-colleges-belvedere-opening\/#primaryimage"},"thumbnailUrl":"https:\/\/www.swisslearning.com\/wp-content\/uploads\/2023\/04\/Belvedere.jpeg","datePublished":"2023-04-06T02:58:07+00:00","dateModified":"2023-04-13T03:00:31+00:00","author":{"@id":"https:\/\/www.swisslearning.com\/#\/schema\/person\/512a780e070f7061a72b72aa9cdcc844"},"description":"Aiglon Koleji&#039;nin Belvedere A\u00e7\u0131l\u0131\u015f\u0131 - g\u00fczel yeni bak\u0131\u015f a\u00e7\u0131lar\u0131 sunuyor","breadcrumb":{"@id":"https:\/\/www.swisslearning.com\/news\/aiglon-colleges-belvedere-opening\/#breadcrumb"},"inLanguage":"tr","potentialAction":[{"@type":"ReadAction","target":["https:\/\/www.swisslearning.com\/news\/aiglon-colleges-belvedere-opening\/"]}]},{"@type":"ImageObject","inLanguage":"tr","@id":"https:\/\/www.swisslearning.com\/news\/aiglon-colleges-belvedere-opening\/#primaryimage","url":"https:\/\/www.swisslearning.com\/wp-content\/uploads\/2023\/04\/Belvedere.jpeg","contentUrl":"https:\/\/www.swisslearning.com\/wp-content\/uploads\/2023\/04\/Belvedere.jpeg","width":712,"height":515},{"@type":"BreadcrumbList","@id":"https:\/\/www.swisslearning.com\/news\/aiglon-colleges-belvedere-opening\/#breadcrumb","itemListElement":[{"@type":"ListItem","position":1,"name":"Home","item":"https:\/\/www.swisslearning.com\/"},{"@type":"ListItem","position":2,"name":"Aiglon College&#8217;s Belvedere Opening &#8211; opens up beautiful new perspectives"}]},{"@type":"WebSite","@id":"https:\/\/www.swisslearning.com\/#website","url":"https:\/\/www.swisslearning.com\/","name":"\u0130svi\u00e7re \u00d6\u011frenimi","description":"\u0130SV\u0130\u00c7RE&#039;DEK\u0130 YATILI OKULLAR, OTEL Y\u00d6NET\u0130M\u0130 OKULLARI VE KAMPLAR","potentialAction":[{"@type":"SearchAction","target":{"@type":"EntryPoint","urlTemplate":"https:\/\/www.swisslearning.com\/?s={search_term_string}"},"query-input":{"@type":"PropertyValueSpecification","valueRequired":true,"valueName":"search_term_string"}}],"inLanguage":"tr"},{"@type":"Person","@id":"https:\/\/www.swisslearning.com\/#\/schema\/person\/512a780e070f7061a72b72aa9cdcc844","name":"Isabelle","image":{"@type":"ImageObject","inLanguage":"tr","@id":"https:\/\/secure.gravatar.com\/avatar\/fe546a12218bf41a42b91135de2222e01f5b175bea26679715cc0130484df73f?s=96&d=mm&r=g","url":"https:\/\/secure.gravatar.com\/avatar\/fe546a12218bf41a42b91135de2222e01f5b175bea26679715cc0130484df73f?s=96&d=mm&r=g","contentUrl":"https:\/\/secure.gravatar.com\/avatar\/fe546a12218bf41a42b91135de2222e01f5b175bea26679715cc0130484df73f?s=96&d=mm&r=g","caption":"Isabelle"},"url":"https:\/\/www.swisslearning.com\/tr\/author\/isabelle\/"}]}},"_links":{"self":[{"href":"https:\/\/www.swisslearning.com\/tr\/wp-json\/wp\/v2\/posts\/11347","targetHints":{"allow":["GET"]}}],"collection":[{"href":"https:\/\/www.swisslearning.com\/tr\/wp-json\/wp\/v2\/posts"}],"about":[{"href":"https:\/\/www.swisslearning.com\/tr\/wp-json\/wp\/v2\/types\/post"}],"author":[{"embeddable":true,"href":"https:\/\/www.swisslearning.com\/tr\/wp-json\/wp\/v2\/users\/3"}],"replies":[{"embeddable":true,"href":"https:\/\/www.swisslearning.com\/tr\/wp-json\/wp\/v2\/comments?post=11347"}],"version-history":[{"count":1,"href":"https:\/\/www.swisslearning.com\/tr\/wp-json\/wp\/v2\/posts\/11347\/revisions"}],"predecessor-version":[{"id":11349,"href":"https:\/\/www.swisslearning.com\/tr\/wp-json\/wp\/v2\/posts\/11347\/revisions\/11349"}],"wp:featuredmedia":[{"embeddable":true,"href":"https:\/\/www.swisslearning.com\/tr\/wp-json\/wp\/v2\/media\/11348"}],"wp:attachment":[{"href":"https:\/\/www.swisslearning.com\/tr\/wp-json\/wp\/v2\/media?parent=11347"}],"wp:term":[{"taxonomy":"category","embeddable":true,"href":"https:\/\/www.swisslearning.com\/tr\/wp-json\/wp\/v2\/categories?post=11347"},{"taxonomy":"post_tag","embeddable":true,"href":"https:\/\/www.swisslearning.com\/tr\/wp-json\/wp\/v2\/tags?post=11347"}],"curies":[{"name":"wp","href":"https:\/\/api.w.org\/{rel}","templated":true}]}}