{"id":11350,"date":"2023-04-13T03:05:58","date_gmt":"2023-04-13T03:05:58","guid":{"rendered":"https:\/\/www.swisslearning.com\/?p=11350"},"modified":"2023-04-13T03:05:59","modified_gmt":"2023-04-13T03:05:59","slug":"las-students-hit-the-road-on-their-cultural-trips","status":"publish","type":"post","link":"https:\/\/www.swisslearning.com\/tr\/news\/las-students-hit-the-road-on-their-cultural-trips\/","title":{"rendered":"LAS \u00f6\u011frencileri k\u00fclt\u00fcrel geziler i\u00e7in yola koyuldu!"},"content":{"rendered":"<p><\/p>\n\n\n\n<p>LAS&#039;taki m\u00fcfredat\u0131m\u0131z\u0131n \u00f6nemli bir par\u00e7as\u0131 olan deneyimsel \u00f6\u011frenme konusunda, d\u00fcnyay\u0131 ke\u015ffetmenin en iyi yolunun onu ziyaret etmek oldu\u011funa karar verdik! LAS&#039;ta k\u00fclt\u00fcrel geziler, d\u00fcnyan\u0131n farkl\u0131 \u00fclkelerinin tarihini, geleneklerini ve k\u00fclt\u00fcrel adetlerini deneyimlemek i\u00e7in harika ve e\u015fsiz bir f\u0131rsat sunuyor. Yeni \u00fclkeleri ke\u015ffetmek ve yol boyunca arkada\u015flar edinmek ger\u00e7ekten zenginle\u015ftirici bir deneyim ve \u00f6\u011frenciler LAS&#039;taki zamanlar\u0131n\u0131 anlat\u0131rken genellikle en sevdikleri k\u0131sm\u0131n kat\u0131ld\u0131klar\u0131 muhte\u015fem k\u00fclt\u00fcrel geziler oldu\u011funu belirtiyorlar.&nbsp;<\/p>\n\n\n\n<p>LAS&#039;ta, s\u0131n\u0131f d\u00fczeyine \u00f6zel geziler \u00f6\u011frencilerimizin s\u0131n\u0131f arkada\u015flar\u0131yla ba\u011f kurmalar\u0131na yard\u0131mc\u0131 oluyor. Sonu\u00e7 olarak, \u00f6\u011frencilerin yenilik\u00e7i, sorumlu ve \u015fefkatli bir d\u00fcnya vatanda\u015f\u0131 olman\u0131n ne anlama geldi\u011fini pratik yollarla g\u00f6rmelerine, deneyimlemelerine ve anlamalar\u0131na yard\u0131mc\u0131 oluyoruz. Bu y\u0131l Floransa, Nice ve San Sebasti\u00e1n gibi \u015fehirlere harika k\u00fclt\u00fcrel geziler d\u00fczenledik ve May\u0131s ay\u0131nda \u00f6\u011frenciler yeni yerlere do\u011fru yola \u00e7\u0131kacaklar!<\/p>\n\n\n\n<p>\u0130talya&#039;da \u00f6\u011frenci gruplar\u0131, tarihi yerleri ziyaret edecek, yemek pi\u015firme dersleri alacak, bisiklet turlar\u0131n\u0131n tad\u0131n\u0131 \u00e7\u0131karacak ve plajda dinlenecekleri Cinque Terre, Amalfi Sahili ve Sicilya&#039;ya seyahat edecekler. Di\u011ferleri ise s\u00f6rf dersleri almak, b\u00f6lgenin deniz canl\u0131lar\u0131n\u0131 ke\u015ffetmek ve topluluk plaj temizli\u011fine kat\u0131lmak i\u00e7in Portekiz&#039;e gidecekler. H\u0131rvatistan&#039;da ise \u00f6\u011frenci gruplar\u0131 kano ve t\u00fcpl\u00fc dal\u0131\u015f yapacak ve b\u00f6lgenin do\u011fal g\u00fczelliklerini ke\u015ffedecekler.<\/p>\n\n\n\n<p>\u00d6\u011frencilere sorumlu seyahat etmeyi \u00f6\u011fretmek amac\u0131yla gezi programlar\u0131na hizmet odakl\u0131 etkinlikler entegre edilmi\u015ftir. Portekiz&#039;deki s\u00f6rf gezisine kat\u0131lan \u00f6\u011frenciler, t\u00fcm hafta boyunca kald\u0131klar\u0131 ve s\u00f6rf yapt\u0131klar\u0131 sahil \u015feridindeki bir plaj\u0131 temizlemek i\u00e7in birlikte bir \u00f6\u011fleden sonra ge\u00e7ireceklerdir. Ba\u015fka bir grup ise s\u00fcrd\u00fcr\u00fclebilir \u00e7evre projeleri ve iklim de\u011fi\u015fikli\u011fi \u00fczerinde olumlu bir etki yaratmaya katk\u0131da bulunan yerel deniz ya\u015fam\u0131 hakk\u0131nda bilgi edinmek i\u00e7in bir tura kat\u0131lacakt\u0131r. Bu, \u00f6\u011frencilerimizin d\u00fcnyan\u0131n sorumlu vatanda\u015flar\u0131 olmalar\u0131n\u0131 sa\u011flar ve onlara \u015fefkat, ele\u015ftirel d\u00fc\u015f\u00fcnme ve sorumluluk alma becerilerini \u00f6\u011fretir.<\/p>\n\n\n\n<p>Yakla\u015fan gezilerimiz i\u00e7in \u00e7ok heyecanl\u0131y\u0131z ve t\u00fcm \u00f6\u011frencilerimizin farkl\u0131 k\u00fclt\u00fcrler hakk\u0131nda bilgi edinerek ve zenginle\u015ftirici etkinlikler deneyimleyerek harika zaman ge\u00e7irmelerini umuyoruz. D\u00f6nd\u00fckten sonra foto\u011fraflar\u0131n\u0131 g\u00f6rmeyi sab\u0131rs\u0131zl\u0131kla bekliyoruz!<\/p>\n\n\n\n<p><a href=\"https:\/\/www.nordangliaeducation.com\/our-global-network\"><\/a><\/p>","protected":false},"excerpt":{"rendered":"<p>Since experiential learning is such an important part of our curriculum at LAS, we\u2019ve decided there isn\u2019t really a better way to learn about the world around us than by visiting it! At LAS, cultural trips provide a wonderful and unique opportunity to experience some of the history, traditions, and cultural customs of different countries [&hellip;]<\/p>\n","protected":false},"author":3,"featured_media":11351,"comment_status":"closed","ping_status":"open","sticky":false,"template":"","format":"standard","meta":{"footnotes":""},"categories":[31],"tags":[],"class_list":["post-11350","post","type-post","status-publish","format-standard","has-post-thumbnail","hentry","category-news"],"yoast_head":"<!-- This site is optimized with the Yoast SEO plugin v27.4 - https:\/\/yoast.com\/product\/yoast-seo-wordpress\/ -->\n<title>LAS Students Hit the Road on their Cultural Trips!<\/title>\n<meta name=\"description\" content=\"LAS Students Hit the Road on their Cultural Trips!\" \/>\n<meta name=\"robots\" content=\"index, follow, max-snippet:-1, max-image-preview:large, max-video-preview:-1\" \/>\n<link rel=\"canonical\" href=\"https:\/\/www.swisslearning.com\/tr\/news\/las-students-hit-the-road-on-their-cultural-trips\/\" \/>\n<meta property=\"og:locale\" content=\"tr_TR\" \/>\n<meta property=\"og:type\" content=\"article\" \/>\n<meta property=\"og:title\" content=\"LAS Students Hit the Road on their Cultural Trips!\" \/>\n<meta property=\"og:description\" content=\"LAS Students Hit the Road on their Cultural Trips!\" \/>\n<meta property=\"og:url\" content=\"https:\/\/www.swisslearning.com\/tr\/news\/las-students-hit-the-road-on-their-cultural-trips\/\" \/>\n<meta property=\"og:site_name\" content=\"Swiss Learning\" \/>\n<meta property=\"article:publisher\" content=\"https:\/\/www.facebook.com\/swisslearning\" \/>\n<meta property=\"article:published_time\" content=\"2023-04-13T03:05:58+00:00\" \/>\n<meta property=\"article:modified_time\" content=\"2023-04-13T03:05:59+00:00\" \/>\n<meta property=\"og:image\" content=\"https:\/\/www.swisslearning.com\/wp-content\/uploads\/2023\/04\/Screenshot-2023-04-13-at-11.04.39.png\" \/>\n\t<meta property=\"og:image:width\" content=\"1018\" \/>\n\t<meta property=\"og:image:height\" content=\"636\" \/>\n\t<meta property=\"og:image:type\" content=\"image\/png\" \/>\n<meta name=\"author\" content=\"Isabelle\" \/>\n<meta name=\"twitter:card\" content=\"summary_large_image\" \/>\n<meta name=\"twitter:label1\" content=\"Yazan:\" \/>\n\t<meta name=\"twitter:data1\" content=\"Isabelle\" \/>\n\t<meta name=\"twitter:label2\" content=\"Tahmini okuma s\u00fcresi\" \/>\n\t<meta name=\"twitter:data2\" content=\"6 dakika\" \/>\n<script type=\"application\/ld+json\" class=\"yoast-schema-graph\">{\"@context\":\"https:\\\/\\\/schema.org\",\"@graph\":[{\"@type\":\"Article\",\"@id\":\"https:\\\/\\\/www.swisslearning.com\\\/news\\\/las-students-hit-the-road-on-their-cultural-trips\\\/#article\",\"isPartOf\":{\"@id\":\"https:\\\/\\\/www.swisslearning.com\\\/news\\\/las-students-hit-the-road-on-their-cultural-trips\\\/\"},\"author\":{\"name\":\"Isabelle\",\"@id\":\"https:\\\/\\\/www.swisslearning.com\\\/#\\\/schema\\\/person\\\/512a780e070f7061a72b72aa9cdcc844\"},\"headline\":\"LAS Students Hit the Road on their Cultural Trips!\",\"datePublished\":\"2023-04-13T03:05:58+00:00\",\"dateModified\":\"2023-04-13T03:05:59+00:00\",\"mainEntityOfPage\":{\"@id\":\"https:\\\/\\\/www.swisslearning.com\\\/news\\\/las-students-hit-the-road-on-their-cultural-trips\\\/\"},\"wordCount\":396,\"image\":{\"@id\":\"https:\\\/\\\/www.swisslearning.com\\\/news\\\/las-students-hit-the-road-on-their-cultural-trips\\\/#primaryimage\"},\"thumbnailUrl\":\"https:\\\/\\\/www.swisslearning.com\\\/wp-content\\\/uploads\\\/2023\\\/04\\\/Screenshot-2023-04-13-at-11.04.39.png\",\"articleSection\":[\"News\"],\"inLanguage\":\"tr\"},{\"@type\":\"WebPage\",\"@id\":\"https:\\\/\\\/www.swisslearning.com\\\/news\\\/las-students-hit-the-road-on-their-cultural-trips\\\/\",\"url\":\"https:\\\/\\\/www.swisslearning.com\\\/news\\\/las-students-hit-the-road-on-their-cultural-trips\\\/\",\"name\":\"LAS Students Hit the Road on their Cultural Trips!\",\"isPartOf\":{\"@id\":\"https:\\\/\\\/www.swisslearning.com\\\/#website\"},\"primaryImageOfPage\":{\"@id\":\"https:\\\/\\\/www.swisslearning.com\\\/news\\\/las-students-hit-the-road-on-their-cultural-trips\\\/#primaryimage\"},\"image\":{\"@id\":\"https:\\\/\\\/www.swisslearning.com\\\/news\\\/las-students-hit-the-road-on-their-cultural-trips\\\/#primaryimage\"},\"thumbnailUrl\":\"https:\\\/\\\/www.swisslearning.com\\\/wp-content\\\/uploads\\\/2023\\\/04\\\/Screenshot-2023-04-13-at-11.04.39.png\",\"datePublished\":\"2023-04-13T03:05:58+00:00\",\"dateModified\":\"2023-04-13T03:05:59+00:00\",\"author\":{\"@id\":\"https:\\\/\\\/www.swisslearning.com\\\/#\\\/schema\\\/person\\\/512a780e070f7061a72b72aa9cdcc844\"},\"description\":\"LAS Students Hit the Road on their Cultural Trips!\",\"breadcrumb\":{\"@id\":\"https:\\\/\\\/www.swisslearning.com\\\/news\\\/las-students-hit-the-road-on-their-cultural-trips\\\/#breadcrumb\"},\"inLanguage\":\"tr\",\"potentialAction\":[{\"@type\":\"ReadAction\",\"target\":[\"https:\\\/\\\/www.swisslearning.com\\\/news\\\/las-students-hit-the-road-on-their-cultural-trips\\\/\"]}]},{\"@type\":\"ImageObject\",\"inLanguage\":\"tr\",\"@id\":\"https:\\\/\\\/www.swisslearning.com\\\/news\\\/las-students-hit-the-road-on-their-cultural-trips\\\/#primaryimage\",\"url\":\"https:\\\/\\\/www.swisslearning.com\\\/wp-content\\\/uploads\\\/2023\\\/04\\\/Screenshot-2023-04-13-at-11.04.39.png\",\"contentUrl\":\"https:\\\/\\\/www.swisslearning.com\\\/wp-content\\\/uploads\\\/2023\\\/04\\\/Screenshot-2023-04-13-at-11.04.39.png\",\"width\":1018,\"height\":636},{\"@type\":\"BreadcrumbList\",\"@id\":\"https:\\\/\\\/www.swisslearning.com\\\/news\\\/las-students-hit-the-road-on-their-cultural-trips\\\/#breadcrumb\",\"itemListElement\":[{\"@type\":\"ListItem\",\"position\":1,\"name\":\"Home\",\"item\":\"https:\\\/\\\/www.swisslearning.com\\\/\"},{\"@type\":\"ListItem\",\"position\":2,\"name\":\"LAS Students Hit the Road on their Cultural Trips!\"}]},{\"@type\":\"WebSite\",\"@id\":\"https:\\\/\\\/www.swisslearning.com\\\/#website\",\"url\":\"https:\\\/\\\/www.swisslearning.com\\\/\",\"name\":\"Swiss Learning\",\"description\":\"BOARDING SCHOOLS, HOTEL MANAGEMENT SCHOOLS AND CAMPS IN SWITZERLAND\",\"potentialAction\":[{\"@type\":\"SearchAction\",\"target\":{\"@type\":\"EntryPoint\",\"urlTemplate\":\"https:\\\/\\\/www.swisslearning.com\\\/?s={search_term_string}\"},\"query-input\":{\"@type\":\"PropertyValueSpecification\",\"valueRequired\":true,\"valueName\":\"search_term_string\"}}],\"inLanguage\":\"tr\"},{\"@type\":\"Person\",\"@id\":\"https:\\\/\\\/www.swisslearning.com\\\/#\\\/schema\\\/person\\\/512a780e070f7061a72b72aa9cdcc844\",\"name\":\"Isabelle\",\"image\":{\"@type\":\"ImageObject\",\"inLanguage\":\"tr\",\"@id\":\"https:\\\/\\\/secure.gravatar.com\\\/avatar\\\/fe546a12218bf41a42b91135de2222e01f5b175bea26679715cc0130484df73f?s=96&d=mm&r=g\",\"url\":\"https:\\\/\\\/secure.gravatar.com\\\/avatar\\\/fe546a12218bf41a42b91135de2222e01f5b175bea26679715cc0130484df73f?s=96&d=mm&r=g\",\"contentUrl\":\"https:\\\/\\\/secure.gravatar.com\\\/avatar\\\/fe546a12218bf41a42b91135de2222e01f5b175bea26679715cc0130484df73f?s=96&d=mm&r=g\",\"caption\":\"Isabelle\"},\"url\":\"https:\\\/\\\/www.swisslearning.com\\\/tr\\\/author\\\/isabelle\\\/\"}]}<\/script>\n<!-- \/ Yoast SEO plugin. -->","yoast_head_json":{"title":"LAS \u00f6\u011frencileri k\u00fclt\u00fcrel geziler i\u00e7in yola koyuldu!","description":"LAS \u00f6\u011frencileri k\u00fclt\u00fcrel geziler i\u00e7in yola koyuldu!","robots":{"index":"index","follow":"follow","max-snippet":"max-snippet:-1","max-image-preview":"max-image-preview:large","max-video-preview":"max-video-preview:-1"},"canonical":"https:\/\/www.swisslearning.com\/tr\/news\/las-students-hit-the-road-on-their-cultural-trips\/","og_locale":"tr_TR","og_type":"article","og_title":"LAS Students Hit the Road on their Cultural Trips!","og_description":"LAS Students Hit the Road on their Cultural Trips!","og_url":"https:\/\/www.swisslearning.com\/tr\/news\/las-students-hit-the-road-on-their-cultural-trips\/","og_site_name":"Swiss Learning","article_publisher":"https:\/\/www.facebook.com\/swisslearning","article_published_time":"2023-04-13T03:05:58+00:00","article_modified_time":"2023-04-13T03:05:59+00:00","og_image":[{"width":1018,"height":636,"url":"https:\/\/www.swisslearning.com\/wp-content\/uploads\/2023\/04\/Screenshot-2023-04-13-at-11.04.39.png","type":"image\/png"}],"author":"Isabelle","twitter_card":"summary_large_image","twitter_misc":{"Yazan:":"Isabelle","Tahmini okuma s\u00fcresi":"6 dakika"},"schema":{"@context":"https:\/\/schema.org","@graph":[{"@type":"Article","@id":"https:\/\/www.swisslearning.com\/news\/las-students-hit-the-road-on-their-cultural-trips\/#article","isPartOf":{"@id":"https:\/\/www.swisslearning.com\/news\/las-students-hit-the-road-on-their-cultural-trips\/"},"author":{"name":"Isabelle","@id":"https:\/\/www.swisslearning.com\/#\/schema\/person\/512a780e070f7061a72b72aa9cdcc844"},"headline":"LAS Students Hit the Road on their Cultural Trips!","datePublished":"2023-04-13T03:05:58+00:00","dateModified":"2023-04-13T03:05:59+00:00","mainEntityOfPage":{"@id":"https:\/\/www.swisslearning.com\/news\/las-students-hit-the-road-on-their-cultural-trips\/"},"wordCount":396,"image":{"@id":"https:\/\/www.swisslearning.com\/news\/las-students-hit-the-road-on-their-cultural-trips\/#primaryimage"},"thumbnailUrl":"https:\/\/www.swisslearning.com\/wp-content\/uploads\/2023\/04\/Screenshot-2023-04-13-at-11.04.39.png","articleSection":["News"],"inLanguage":"tr"},{"@type":"WebPage","@id":"https:\/\/www.swisslearning.com\/news\/las-students-hit-the-road-on-their-cultural-trips\/","url":"https:\/\/www.swisslearning.com\/news\/las-students-hit-the-road-on-their-cultural-trips\/","name":"LAS \u00f6\u011frencileri k\u00fclt\u00fcrel geziler i\u00e7in yola koyuldu!","isPartOf":{"@id":"https:\/\/www.swisslearning.com\/#website"},"primaryImageOfPage":{"@id":"https:\/\/www.swisslearning.com\/news\/las-students-hit-the-road-on-their-cultural-trips\/#primaryimage"},"image":{"@id":"https:\/\/www.swisslearning.com\/news\/las-students-hit-the-road-on-their-cultural-trips\/#primaryimage"},"thumbnailUrl":"https:\/\/www.swisslearning.com\/wp-content\/uploads\/2023\/04\/Screenshot-2023-04-13-at-11.04.39.png","datePublished":"2023-04-13T03:05:58+00:00","dateModified":"2023-04-13T03:05:59+00:00","author":{"@id":"https:\/\/www.swisslearning.com\/#\/schema\/person\/512a780e070f7061a72b72aa9cdcc844"},"description":"LAS \u00f6\u011frencileri k\u00fclt\u00fcrel geziler i\u00e7in yola koyuldu!","breadcrumb":{"@id":"https:\/\/www.swisslearning.com\/news\/las-students-hit-the-road-on-their-cultural-trips\/#breadcrumb"},"inLanguage":"tr","potentialAction":[{"@type":"ReadAction","target":["https:\/\/www.swisslearning.com\/news\/las-students-hit-the-road-on-their-cultural-trips\/"]}]},{"@type":"ImageObject","inLanguage":"tr","@id":"https:\/\/www.swisslearning.com\/news\/las-students-hit-the-road-on-their-cultural-trips\/#primaryimage","url":"https:\/\/www.swisslearning.com\/wp-content\/uploads\/2023\/04\/Screenshot-2023-04-13-at-11.04.39.png","contentUrl":"https:\/\/www.swisslearning.com\/wp-content\/uploads\/2023\/04\/Screenshot-2023-04-13-at-11.04.39.png","width":1018,"height":636},{"@type":"BreadcrumbList","@id":"https:\/\/www.swisslearning.com\/news\/las-students-hit-the-road-on-their-cultural-trips\/#breadcrumb","itemListElement":[{"@type":"ListItem","position":1,"name":"Home","item":"https:\/\/www.swisslearning.com\/"},{"@type":"ListItem","position":2,"name":"LAS Students Hit the Road on their Cultural Trips!"}]},{"@type":"WebSite","@id":"https:\/\/www.swisslearning.com\/#website","url":"https:\/\/www.swisslearning.com\/","name":"\u0130svi\u00e7re \u00d6\u011frenimi","description":"\u0130SV\u0130\u00c7RE&#039;DEK\u0130 YATILI OKULLAR, OTEL Y\u00d6NET\u0130M\u0130 OKULLARI VE KAMPLAR","potentialAction":[{"@type":"SearchAction","target":{"@type":"EntryPoint","urlTemplate":"https:\/\/www.swisslearning.com\/?s={search_term_string}"},"query-input":{"@type":"PropertyValueSpecification","valueRequired":true,"valueName":"search_term_string"}}],"inLanguage":"tr"},{"@type":"Person","@id":"https:\/\/www.swisslearning.com\/#\/schema\/person\/512a780e070f7061a72b72aa9cdcc844","name":"Isabelle","image":{"@type":"ImageObject","inLanguage":"tr","@id":"https:\/\/secure.gravatar.com\/avatar\/fe546a12218bf41a42b91135de2222e01f5b175bea26679715cc0130484df73f?s=96&d=mm&r=g","url":"https:\/\/secure.gravatar.com\/avatar\/fe546a12218bf41a42b91135de2222e01f5b175bea26679715cc0130484df73f?s=96&d=mm&r=g","contentUrl":"https:\/\/secure.gravatar.com\/avatar\/fe546a12218bf41a42b91135de2222e01f5b175bea26679715cc0130484df73f?s=96&d=mm&r=g","caption":"Isabelle"},"url":"https:\/\/www.swisslearning.com\/tr\/author\/isabelle\/"}]}},"_links":{"self":[{"href":"https:\/\/www.swisslearning.com\/tr\/wp-json\/wp\/v2\/posts\/11350","targetHints":{"allow":["GET"]}}],"collection":[{"href":"https:\/\/www.swisslearning.com\/tr\/wp-json\/wp\/v2\/posts"}],"about":[{"href":"https:\/\/www.swisslearning.com\/tr\/wp-json\/wp\/v2\/types\/post"}],"author":[{"embeddable":true,"href":"https:\/\/www.swisslearning.com\/tr\/wp-json\/wp\/v2\/users\/3"}],"replies":[{"embeddable":true,"href":"https:\/\/www.swisslearning.com\/tr\/wp-json\/wp\/v2\/comments?post=11350"}],"version-history":[{"count":1,"href":"https:\/\/www.swisslearning.com\/tr\/wp-json\/wp\/v2\/posts\/11350\/revisions"}],"predecessor-version":[{"id":11352,"href":"https:\/\/www.swisslearning.com\/tr\/wp-json\/wp\/v2\/posts\/11350\/revisions\/11352"}],"wp:featuredmedia":[{"embeddable":true,"href":"https:\/\/www.swisslearning.com\/tr\/wp-json\/wp\/v2\/media\/11351"}],"wp:attachment":[{"href":"https:\/\/www.swisslearning.com\/tr\/wp-json\/wp\/v2\/media?parent=11350"}],"wp:term":[{"taxonomy":"category","embeddable":true,"href":"https:\/\/www.swisslearning.com\/tr\/wp-json\/wp\/v2\/categories?post=11350"},{"taxonomy":"post_tag","embeddable":true,"href":"https:\/\/www.swisslearning.com\/tr\/wp-json\/wp\/v2\/tags?post=11350"}],"curies":[{"name":"wp","href":"https:\/\/api.w.org\/{rel}","templated":true}]}}