{"id":11688,"date":"2023-11-01T06:16:56","date_gmt":"2023-11-01T06:16:56","guid":{"rendered":"https:\/\/www.swisslearning.com\/?p=11688"},"modified":"2023-11-01T06:16:58","modified_gmt":"2023-11-01T06:16:58","slug":"tasis-partners-with-fms-schools-to-launch-new-movement-initiative","status":"publish","type":"post","link":"https:\/\/www.swisslearning.com\/tr\/news\/tasis-partners-with-fms-schools-to-launch-new-movement-initiative\/","title":{"rendered":"TASIS, Yeni Bir Hareket Giri\u015fimi Ba\u015flatmak \u0130\u00e7in FMS Okullar\u0131yla Ortakl\u0131k Kurdu"},"content":{"rendered":"<p><\/p>\n\n\n\n<figure class=\"wp-block-image\"><img decoding=\"async\" src=\"https:\/\/resources.finalsite.net\/images\/f_auto,q_auto,t_image_size_3\/v1698679212\/tasislugano\/opq6lzefs2epxumz5uaf\/blog_fms_schools_01.jpg\" alt=\"FMS Okullar\u0131\"\/><\/figure>\n\n\n\n<p>TASIS \u0130svi\u00e7re Amerikan Okulu, a\u015fa\u011f\u0131daki kurumlarla ortakl\u0131k kurmu\u015ftur:&nbsp;<a href=\"https:\/\/functionalmovement.uk.com\/fms-schools\" target=\"_blank\" rel=\"noreferrer noopener\">FMS Okullar\u0131<\/a>Hareket kalitesini tarama, test etme ve de\u011ferlendirme konusunda sekt\u00f6r lideri olan bir kurulu\u015f, beden e\u011fitimi derslerinde yeni bir hareket giri\u015fimi ba\u015flatacak.<\/p>\n\n\n\n<p>Functional Movement Systems (FMS), yirmi y\u0131l\u0131 a\u015fk\u0131n bir s\u00fcredir Amerikan futbolu ligi, NFL, NBA, NHL, ABD ordusu ve Deniz Komandolar\u0131&#039;ndaki elit sporcularla n\u00f6rogeli\u015fimsel s\u0131ralama \u00fczerine teoriler \u00fczerinde \u00e7al\u0131\u015fan ve bunlar\u0131 test eden k\u00fcresel bir e\u011fitim \u015firketidir.&nbsp;<\/p>\n\n\n\n<p>\u015eirketin FMS Schools \u015fubesi, gen\u00e7lerin hareket al\u0131\u015fkanl\u0131klar\u0131n\u0131 geli\u015ftirerek ve hareket sa\u011fl\u0131\u011f\u0131n\u0131 koruyarak obezite ve ilgili sa\u011fl\u0131k sorunlar\u0131yla m\u00fccadele etme zorlu\u011funu \u00fcstlenmi\u015ftir. Okullara, \u00f6\u011frencilerin fonksiyonel hareketlerini izlemeye, raporlamaya ve geli\u015ftirmeye yard\u0131mc\u0131 olmak i\u00e7in \u00f6zel olarak tasarlanm\u0131\u015f bir kaynak ve yaz\u0131l\u0131m platformu sunmaktad\u0131r.<\/p>\n\n\n\n<figure class=\"wp-block-image\"><img decoding=\"async\" src=\"https:\/\/resources.finalsite.net\/images\/f_auto,q_auto,t_image_size_3\/v1698679213\/tasislugano\/lnnd1dwmygggu7au9ruy\/blog_fms_schools_02.jpg\" alt=\"FMS Okullar\u0131 takibi\"\/><\/figure>\n\n\n\n<p>\u00c7ocuklar, geli\u015fim \u00e7a\u011flar\u0131nda do\u011fru hareket al\u0131\u015fkanl\u0131klar\u0131n\u0131 kazanarak, hareketle olumlu bir ba\u011f kurarlar; bu da ergenlik d\u00f6neminde \u00f6zg\u00fcvenlerini art\u0131r\u0131r ve sonu\u00e7 olarak hayatlar\u0131n\u0131n geri kalan\u0131nda daha aktif bir ya\u015fam s\u00fcrmelerine olanak tan\u0131r.<\/p>\n\n\n\n<p>FMS Okullar\u0131 d\u00f6rt mod\u00fclden olu\u015fmaktad\u0131r:<\/p>\n\n\n\n<ol class=\"wp-block-list\">\n<li><strong>Hareket Oyunu:<\/strong>&nbsp;\u00c7ocuklar\u0131 e\u011flenceli ve basit bir \u015fekilde me\u015fgul etmek i\u00e7in \u00e7oklu video kayna\u011f\u0131.<br>&nbsp;<\/li>\n\n\n\n<li><strong>K\u00f6pr\u00fc:<\/strong>&nbsp;Hareket yeterlilik becerilerine odaklanan, 58 a\u015famal\u0131 bir atletik geli\u015fim program\u0131.<br>&nbsp;<\/li>\n\n\n\n<li><strong>Tarama<\/strong>10 dakika i\u00e7inde, bir \u00e7ocuk denge, hareketlilik ve istikrar\u0131 zorlayan alt\u0131 hareket testi yap\u0131larak de\u011ferlendirilebilir. Testler, dengesizliklerin, asimetrilerin ve s\u0131n\u0131rlamalar\u0131n nerede oldu\u011funu ortaya \u00e7\u0131kar\u0131r ve sistem daha sonra \u00e7ocu\u011fun iyile\u015ftirme \u00f6nceli\u011fine g\u00f6re ki\u015fiselle\u015ftirilmi\u015f bir program otomatik olarak olu\u015fturur.<br>&nbsp;<\/li>\n\n\n\n<li><strong>Kapasite Testi Verileri:<\/strong>&nbsp;Bip testleri, ko\u015fu s\u00fcreleri, ayakta uzun atlamalar ve kuvvet \u00e7al\u0131\u015fmalar\u0131 gibi t\u00fcm kapasite verilerini kaydetmek, raporlamak ve y\u00f6netmek i\u00e7in bir tesis.&nbsp;<\/li>\n<\/ol>\n\n\n\n<p>Toplanan veriler daha sonra raporlarda, g\u00f6sterge panellerinde ve analizlerde g\u00f6r\u00fcnt\u00fclenir ve her \u00f6\u011frencinin ilerlemesini takip etmek i\u00e7in kullan\u0131lan ki\u015fiselle\u015ftirilmi\u015f bir Atletik Geli\u015fim Pasaportu bulunur.<\/p>\n\n\n\n<figure class=\"wp-block-image\"><img decoding=\"async\" src=\"https:\/\/resources.finalsite.net\/images\/f_auto,q_auto,t_image_size_3\/v1698679213\/tasislugano\/nhvqgfay7y3erpuffpt4\/blog_fms_schools_03.jpg\" alt=\"FMS Okullar\u0131 takibi\"\/><\/figure>\n\n\n\n<p>TASIS Beden E\u011fitimi B\u00f6l\u00fcm\u00fc, bir hareket giri\u015fimini hayata ge\u00e7irmenin acil bir ihtiya\u00e7 oldu\u011funa inan\u0131yor ve bunun nereye varaca\u011f\u0131n\u0131 g\u00f6rmek i\u00e7in heyecanl\u0131.<\/p>\n\n\n\n<p>\u201c&quot;Okulumuzda fiziksel okuryazarl\u0131\u011f\u0131 geli\u015ftirmek i\u00e7in FMS Okulu&#039;nun platformunu uygulamay\u0131 tercih ettik,&quot; dedi.&nbsp;<a href=\"https:\/\/www.tasis.ch\/about\/blog\/blog-article\/~board\/blog\/post\/faculty-feature-mr-tom-lill\" target=\"_blank\" rel=\"noreferrer noopener\">Tom Lill<\/a>, 2019&#039;dan beri Beden E\u011fitimi B\u00f6l\u00fcm\u00fc Ba\u015fkanl\u0131\u011f\u0131n\u0131 y\u00fcr\u00fcten ki\u015fi \u015funlar\u0131 s\u00f6yledi: \u201cPandemi ba\u015flad\u0131\u011f\u0131ndan beri motor becerilerde bir d\u00fc\u015f\u00fc\u015f g\u00f6rd\u00fck ve bu geri bildirimi \u00f6\u011frenciler ve velilerle payla\u015fabilmek istiyoruz. Kendimiz bir \u015feyler olu\u015fturmay\u0131 d\u00fc\u015f\u00fcn\u00fcyorduk, ancak FMS Okullar\u0131ndan gelen tam zaman\u0131nda bir e-posta bizi cezbetti!\u201d<\/p>\n\n\n\n<p><\/p>","protected":false},"excerpt":{"rendered":"<p>TASIS The American School in Switzerland has partnered with&nbsp;FMS Schools\u2014an industry leader in screening, testing, and assessing movement quality\u2014to launch a new movement initiative in its physical education classes. Functional Movement Systems (FMS) is a global education company that spent more than two decades working with and testing theories around the neurodevelopmental sequence with elite [&hellip;]<\/p>\n","protected":false},"author":3,"featured_media":11689,"comment_status":"closed","ping_status":"open","sticky":false,"template":"","format":"standard","meta":{"footnotes":""},"categories":[31],"tags":[],"class_list":["post-11688","post","type-post","status-publish","format-standard","has-post-thumbnail","hentry","category-news"],"yoast_head":"<!-- This site is optimized with the Yoast SEO plugin v27.5 - https:\/\/yoast.com\/product\/yoast-seo-wordpress\/ -->\n<title>TASIS Partners with FMS Schools to Launch New Movement Initiative<\/title>\n<meta name=\"description\" content=\"TASIS Partners with FMS Schools to Launch New Movement Initiative\" \/>\n<meta name=\"robots\" content=\"index, follow, max-snippet:-1, max-image-preview:large, max-video-preview:-1\" \/>\n<link rel=\"canonical\" href=\"https:\/\/www.swisslearning.com\/tr\/news\/tasis-partners-with-fms-schools-to-launch-new-movement-initiative\/\" \/>\n<meta property=\"og:locale\" content=\"tr_TR\" \/>\n<meta property=\"og:type\" content=\"article\" \/>\n<meta property=\"og:title\" content=\"TASIS Partners with FMS Schools to Launch New Movement Initiative\" \/>\n<meta property=\"og:description\" content=\"TASIS Partners with FMS Schools to Launch New Movement Initiative\" \/>\n<meta property=\"og:url\" content=\"https:\/\/www.swisslearning.com\/tr\/news\/tasis-partners-with-fms-schools-to-launch-new-movement-initiative\/\" \/>\n<meta property=\"og:site_name\" content=\"Swiss Learning\" \/>\n<meta property=\"article:publisher\" content=\"https:\/\/www.facebook.com\/swisslearning\" \/>\n<meta property=\"article:published_time\" content=\"2023-11-01T06:16:56+00:00\" \/>\n<meta property=\"article:modified_time\" content=\"2023-11-01T06:16:58+00:00\" \/>\n<meta property=\"og:image\" content=\"https:\/\/www.swisslearning.com\/wp-content\/uploads\/2023\/11\/Screenshot-2023-11-01-at-14.12.16.png\" \/>\n\t<meta property=\"og:image:width\" content=\"1576\" \/>\n\t<meta property=\"og:image:height\" content=\"1050\" \/>\n\t<meta property=\"og:image:type\" content=\"image\/png\" \/>\n<meta name=\"author\" content=\"Isabelle\" \/>\n<meta name=\"twitter:card\" content=\"summary_large_image\" \/>\n<meta name=\"twitter:label1\" content=\"Yazan:\" \/>\n\t<meta name=\"twitter:data1\" content=\"Isabelle\" \/>\n\t<meta name=\"twitter:label2\" content=\"Tahmini okuma s\u00fcresi\" \/>\n\t<meta name=\"twitter:data2\" content=\"6 dakika\" \/>\n<script type=\"application\/ld+json\" class=\"yoast-schema-graph\">{\"@context\":\"https:\\\/\\\/schema.org\",\"@graph\":[{\"@type\":\"Article\",\"@id\":\"https:\\\/\\\/www.swisslearning.com\\\/news\\\/tasis-partners-with-fms-schools-to-launch-new-movement-initiative\\\/#article\",\"isPartOf\":{\"@id\":\"https:\\\/\\\/www.swisslearning.com\\\/news\\\/tasis-partners-with-fms-schools-to-launch-new-movement-initiative\\\/\"},\"author\":{\"name\":\"Isabelle\",\"@id\":\"https:\\\/\\\/www.swisslearning.com\\\/#\\\/schema\\\/person\\\/512a780e070f7061a72b72aa9cdcc844\"},\"headline\":\"TASIS Partners with FMS Schools to Launch New Movement Initiative\",\"datePublished\":\"2023-11-01T06:16:56+00:00\",\"dateModified\":\"2023-11-01T06:16:58+00:00\",\"mainEntityOfPage\":{\"@id\":\"https:\\\/\\\/www.swisslearning.com\\\/news\\\/tasis-partners-with-fms-schools-to-launch-new-movement-initiative\\\/\"},\"wordCount\":408,\"image\":{\"@id\":\"https:\\\/\\\/www.swisslearning.com\\\/news\\\/tasis-partners-with-fms-schools-to-launch-new-movement-initiative\\\/#primaryimage\"},\"thumbnailUrl\":\"https:\\\/\\\/www.swisslearning.com\\\/wp-content\\\/uploads\\\/2023\\\/11\\\/Screenshot-2023-11-01-at-14.12.16.png\",\"articleSection\":[\"News\"],\"inLanguage\":\"tr\"},{\"@type\":\"WebPage\",\"@id\":\"https:\\\/\\\/www.swisslearning.com\\\/news\\\/tasis-partners-with-fms-schools-to-launch-new-movement-initiative\\\/\",\"url\":\"https:\\\/\\\/www.swisslearning.com\\\/news\\\/tasis-partners-with-fms-schools-to-launch-new-movement-initiative\\\/\",\"name\":\"TASIS Partners with FMS Schools to Launch New Movement Initiative\",\"isPartOf\":{\"@id\":\"https:\\\/\\\/www.swisslearning.com\\\/#website\"},\"primaryImageOfPage\":{\"@id\":\"https:\\\/\\\/www.swisslearning.com\\\/news\\\/tasis-partners-with-fms-schools-to-launch-new-movement-initiative\\\/#primaryimage\"},\"image\":{\"@id\":\"https:\\\/\\\/www.swisslearning.com\\\/news\\\/tasis-partners-with-fms-schools-to-launch-new-movement-initiative\\\/#primaryimage\"},\"thumbnailUrl\":\"https:\\\/\\\/www.swisslearning.com\\\/wp-content\\\/uploads\\\/2023\\\/11\\\/Screenshot-2023-11-01-at-14.12.16.png\",\"datePublished\":\"2023-11-01T06:16:56+00:00\",\"dateModified\":\"2023-11-01T06:16:58+00:00\",\"author\":{\"@id\":\"https:\\\/\\\/www.swisslearning.com\\\/#\\\/schema\\\/person\\\/512a780e070f7061a72b72aa9cdcc844\"},\"description\":\"TASIS Partners with FMS Schools to Launch New Movement Initiative\",\"breadcrumb\":{\"@id\":\"https:\\\/\\\/www.swisslearning.com\\\/news\\\/tasis-partners-with-fms-schools-to-launch-new-movement-initiative\\\/#breadcrumb\"},\"inLanguage\":\"tr\",\"potentialAction\":[{\"@type\":\"ReadAction\",\"target\":[\"https:\\\/\\\/www.swisslearning.com\\\/news\\\/tasis-partners-with-fms-schools-to-launch-new-movement-initiative\\\/\"]}]},{\"@type\":\"ImageObject\",\"inLanguage\":\"tr\",\"@id\":\"https:\\\/\\\/www.swisslearning.com\\\/news\\\/tasis-partners-with-fms-schools-to-launch-new-movement-initiative\\\/#primaryimage\",\"url\":\"https:\\\/\\\/www.swisslearning.com\\\/wp-content\\\/uploads\\\/2023\\\/11\\\/Screenshot-2023-11-01-at-14.12.16.png\",\"contentUrl\":\"https:\\\/\\\/www.swisslearning.com\\\/wp-content\\\/uploads\\\/2023\\\/11\\\/Screenshot-2023-11-01-at-14.12.16.png\",\"width\":1576,\"height\":1050},{\"@type\":\"BreadcrumbList\",\"@id\":\"https:\\\/\\\/www.swisslearning.com\\\/news\\\/tasis-partners-with-fms-schools-to-launch-new-movement-initiative\\\/#breadcrumb\",\"itemListElement\":[{\"@type\":\"ListItem\",\"position\":1,\"name\":\"Home\",\"item\":\"https:\\\/\\\/www.swisslearning.com\\\/\"},{\"@type\":\"ListItem\",\"position\":2,\"name\":\"TASIS Partners with FMS Schools to Launch New Movement Initiative\"}]},{\"@type\":\"WebSite\",\"@id\":\"https:\\\/\\\/www.swisslearning.com\\\/#website\",\"url\":\"https:\\\/\\\/www.swisslearning.com\\\/\",\"name\":\"Swiss Learning\",\"description\":\"BOARDING SCHOOLS, HOTEL MANAGEMENT SCHOOLS AND CAMPS IN SWITZERLAND\",\"potentialAction\":[{\"@type\":\"SearchAction\",\"target\":{\"@type\":\"EntryPoint\",\"urlTemplate\":\"https:\\\/\\\/www.swisslearning.com\\\/?s={search_term_string}\"},\"query-input\":{\"@type\":\"PropertyValueSpecification\",\"valueRequired\":true,\"valueName\":\"search_term_string\"}}],\"inLanguage\":\"tr\"},{\"@type\":\"Person\",\"@id\":\"https:\\\/\\\/www.swisslearning.com\\\/#\\\/schema\\\/person\\\/512a780e070f7061a72b72aa9cdcc844\",\"name\":\"Isabelle\",\"image\":{\"@type\":\"ImageObject\",\"inLanguage\":\"tr\",\"@id\":\"https:\\\/\\\/secure.gravatar.com\\\/avatar\\\/fe546a12218bf41a42b91135de2222e01f5b175bea26679715cc0130484df73f?s=96&d=mm&r=g\",\"url\":\"https:\\\/\\\/secure.gravatar.com\\\/avatar\\\/fe546a12218bf41a42b91135de2222e01f5b175bea26679715cc0130484df73f?s=96&d=mm&r=g\",\"contentUrl\":\"https:\\\/\\\/secure.gravatar.com\\\/avatar\\\/fe546a12218bf41a42b91135de2222e01f5b175bea26679715cc0130484df73f?s=96&d=mm&r=g\",\"caption\":\"Isabelle\"},\"url\":\"https:\\\/\\\/www.swisslearning.com\\\/tr\\\/author\\\/isabelle\\\/\"}]}<\/script>\n<!-- \/ Yoast SEO plugin. -->","yoast_head_json":{"title":"TASIS, Yeni Bir Hareket Giri\u015fimi Ba\u015flatmak \u0130\u00e7in FMS Okullar\u0131yla Ortakl\u0131k Kurdu","description":"TASIS, Yeni Bir Hareket Giri\u015fimi Ba\u015flatmak \u0130\u00e7in FMS Okullar\u0131yla Ortakl\u0131k Kurdu","robots":{"index":"index","follow":"follow","max-snippet":"max-snippet:-1","max-image-preview":"max-image-preview:large","max-video-preview":"max-video-preview:-1"},"canonical":"https:\/\/www.swisslearning.com\/tr\/news\/tasis-partners-with-fms-schools-to-launch-new-movement-initiative\/","og_locale":"tr_TR","og_type":"article","og_title":"TASIS Partners with FMS Schools to Launch New Movement Initiative","og_description":"TASIS Partners with FMS Schools to Launch New Movement Initiative","og_url":"https:\/\/www.swisslearning.com\/tr\/news\/tasis-partners-with-fms-schools-to-launch-new-movement-initiative\/","og_site_name":"Swiss Learning","article_publisher":"https:\/\/www.facebook.com\/swisslearning","article_published_time":"2023-11-01T06:16:56+00:00","article_modified_time":"2023-11-01T06:16:58+00:00","og_image":[{"width":1576,"height":1050,"url":"https:\/\/www.swisslearning.com\/wp-content\/uploads\/2023\/11\/Screenshot-2023-11-01-at-14.12.16.png","type":"image\/png"}],"author":"Isabelle","twitter_card":"summary_large_image","twitter_misc":{"Yazan:":"Isabelle","Tahmini okuma s\u00fcresi":"6 dakika"},"schema":{"@context":"https:\/\/schema.org","@graph":[{"@type":"Article","@id":"https:\/\/www.swisslearning.com\/news\/tasis-partners-with-fms-schools-to-launch-new-movement-initiative\/#article","isPartOf":{"@id":"https:\/\/www.swisslearning.com\/news\/tasis-partners-with-fms-schools-to-launch-new-movement-initiative\/"},"author":{"name":"Isabelle","@id":"https:\/\/www.swisslearning.com\/#\/schema\/person\/512a780e070f7061a72b72aa9cdcc844"},"headline":"TASIS Partners with FMS Schools to Launch New Movement Initiative","datePublished":"2023-11-01T06:16:56+00:00","dateModified":"2023-11-01T06:16:58+00:00","mainEntityOfPage":{"@id":"https:\/\/www.swisslearning.com\/news\/tasis-partners-with-fms-schools-to-launch-new-movement-initiative\/"},"wordCount":408,"image":{"@id":"https:\/\/www.swisslearning.com\/news\/tasis-partners-with-fms-schools-to-launch-new-movement-initiative\/#primaryimage"},"thumbnailUrl":"https:\/\/www.swisslearning.com\/wp-content\/uploads\/2023\/11\/Screenshot-2023-11-01-at-14.12.16.png","articleSection":["News"],"inLanguage":"tr"},{"@type":"WebPage","@id":"https:\/\/www.swisslearning.com\/news\/tasis-partners-with-fms-schools-to-launch-new-movement-initiative\/","url":"https:\/\/www.swisslearning.com\/news\/tasis-partners-with-fms-schools-to-launch-new-movement-initiative\/","name":"TASIS, Yeni Bir Hareket Giri\u015fimi Ba\u015flatmak \u0130\u00e7in FMS Okullar\u0131yla Ortakl\u0131k Kurdu","isPartOf":{"@id":"https:\/\/www.swisslearning.com\/#website"},"primaryImageOfPage":{"@id":"https:\/\/www.swisslearning.com\/news\/tasis-partners-with-fms-schools-to-launch-new-movement-initiative\/#primaryimage"},"image":{"@id":"https:\/\/www.swisslearning.com\/news\/tasis-partners-with-fms-schools-to-launch-new-movement-initiative\/#primaryimage"},"thumbnailUrl":"https:\/\/www.swisslearning.com\/wp-content\/uploads\/2023\/11\/Screenshot-2023-11-01-at-14.12.16.png","datePublished":"2023-11-01T06:16:56+00:00","dateModified":"2023-11-01T06:16:58+00:00","author":{"@id":"https:\/\/www.swisslearning.com\/#\/schema\/person\/512a780e070f7061a72b72aa9cdcc844"},"description":"TASIS, Yeni Bir Hareket Giri\u015fimi Ba\u015flatmak \u0130\u00e7in FMS Okullar\u0131yla Ortakl\u0131k Kurdu","breadcrumb":{"@id":"https:\/\/www.swisslearning.com\/news\/tasis-partners-with-fms-schools-to-launch-new-movement-initiative\/#breadcrumb"},"inLanguage":"tr","potentialAction":[{"@type":"ReadAction","target":["https:\/\/www.swisslearning.com\/news\/tasis-partners-with-fms-schools-to-launch-new-movement-initiative\/"]}]},{"@type":"ImageObject","inLanguage":"tr","@id":"https:\/\/www.swisslearning.com\/news\/tasis-partners-with-fms-schools-to-launch-new-movement-initiative\/#primaryimage","url":"https:\/\/www.swisslearning.com\/wp-content\/uploads\/2023\/11\/Screenshot-2023-11-01-at-14.12.16.png","contentUrl":"https:\/\/www.swisslearning.com\/wp-content\/uploads\/2023\/11\/Screenshot-2023-11-01-at-14.12.16.png","width":1576,"height":1050},{"@type":"BreadcrumbList","@id":"https:\/\/www.swisslearning.com\/news\/tasis-partners-with-fms-schools-to-launch-new-movement-initiative\/#breadcrumb","itemListElement":[{"@type":"ListItem","position":1,"name":"Home","item":"https:\/\/www.swisslearning.com\/"},{"@type":"ListItem","position":2,"name":"TASIS Partners with FMS Schools to Launch New Movement Initiative"}]},{"@type":"WebSite","@id":"https:\/\/www.swisslearning.com\/#website","url":"https:\/\/www.swisslearning.com\/","name":"\u0130svi\u00e7re \u00d6\u011frenimi","description":"\u0130SV\u0130\u00c7RE&#039;DEK\u0130 YATILI OKULLAR, OTEL Y\u00d6NET\u0130M\u0130 OKULLARI VE KAMPLAR","potentialAction":[{"@type":"SearchAction","target":{"@type":"EntryPoint","urlTemplate":"https:\/\/www.swisslearning.com\/?s={search_term_string}"},"query-input":{"@type":"PropertyValueSpecification","valueRequired":true,"valueName":"search_term_string"}}],"inLanguage":"tr"},{"@type":"Person","@id":"https:\/\/www.swisslearning.com\/#\/schema\/person\/512a780e070f7061a72b72aa9cdcc844","name":"Isabelle","image":{"@type":"ImageObject","inLanguage":"tr","@id":"https:\/\/secure.gravatar.com\/avatar\/fe546a12218bf41a42b91135de2222e01f5b175bea26679715cc0130484df73f?s=96&d=mm&r=g","url":"https:\/\/secure.gravatar.com\/avatar\/fe546a12218bf41a42b91135de2222e01f5b175bea26679715cc0130484df73f?s=96&d=mm&r=g","contentUrl":"https:\/\/secure.gravatar.com\/avatar\/fe546a12218bf41a42b91135de2222e01f5b175bea26679715cc0130484df73f?s=96&d=mm&r=g","caption":"Isabelle"},"url":"https:\/\/www.swisslearning.com\/tr\/author\/isabelle\/"}]}},"_links":{"self":[{"href":"https:\/\/www.swisslearning.com\/tr\/wp-json\/wp\/v2\/posts\/11688","targetHints":{"allow":["GET"]}}],"collection":[{"href":"https:\/\/www.swisslearning.com\/tr\/wp-json\/wp\/v2\/posts"}],"about":[{"href":"https:\/\/www.swisslearning.com\/tr\/wp-json\/wp\/v2\/types\/post"}],"author":[{"embeddable":true,"href":"https:\/\/www.swisslearning.com\/tr\/wp-json\/wp\/v2\/users\/3"}],"replies":[{"embeddable":true,"href":"https:\/\/www.swisslearning.com\/tr\/wp-json\/wp\/v2\/comments?post=11688"}],"version-history":[{"count":1,"href":"https:\/\/www.swisslearning.com\/tr\/wp-json\/wp\/v2\/posts\/11688\/revisions"}],"predecessor-version":[{"id":11690,"href":"https:\/\/www.swisslearning.com\/tr\/wp-json\/wp\/v2\/posts\/11688\/revisions\/11690"}],"wp:featuredmedia":[{"embeddable":true,"href":"https:\/\/www.swisslearning.com\/tr\/wp-json\/wp\/v2\/media\/11689"}],"wp:attachment":[{"href":"https:\/\/www.swisslearning.com\/tr\/wp-json\/wp\/v2\/media?parent=11688"}],"wp:term":[{"taxonomy":"category","embeddable":true,"href":"https:\/\/www.swisslearning.com\/tr\/wp-json\/wp\/v2\/categories?post=11688"},{"taxonomy":"post_tag","embeddable":true,"href":"https:\/\/www.swisslearning.com\/tr\/wp-json\/wp\/v2\/tags?post=11688"}],"curies":[{"name":"wp","href":"https:\/\/api.w.org\/{rel}","templated":true}]}}