{"id":13441,"date":"2026-03-06T14:15:10","date_gmt":"2026-03-06T14:15:10","guid":{"rendered":"https:\/\/www.swisslearning.com\/?p=13441"},"modified":"2026-03-06T14:28:26","modified_gmt":"2026-03-06T14:28:26","slug":"lets-celebrate-100-years-of-institut-montana","status":"publish","type":"post","link":"https:\/\/www.swisslearning.com\/tr\/news\/lets-celebrate-100-years-of-institut-montana\/","title":{"rendered":"Institut Montana&#039;n\u0131n 100. y\u0131l\u0131n\u0131 kutlayal\u0131m!"},"content":{"rendered":"<p>Bu y\u0131l, Institut Montana 100 ya\u015f\u0131nda. Bir D\u00fcnya Sava\u015f\u0131&#039;n\u0131, k\u00fcresel bir ekonomik krizi ve d\u00fcnya \u00e7ap\u0131nda bir salg\u0131n\u0131 atlatt\u0131 ve bug\u00fcn her zamanki kadar g\u00fc\u00e7l\u00fc. &nbsp;<\/p>\n\n\n\n<p>Bir as\u0131r boyunca nesiller boyu \u00f6\u011frenci yeti\u015ftirdik, \u00f6m\u00fcr boyu s\u00fcrecek dostluklar kurduk. S\u0131n\u0131flardan kariyerlere, ilk g\u00fcnlerden \u00f6m\u00fcr boyu s\u00fcrecek an\u0131lara kadar yolculu\u011fumuz b\u00fcy\u00fcme, diren\u00e7 ve ba\u011f kurma ile tan\u0131mland\u0131. \u015eimdi bir araya gelip bu ola\u011fan\u00fcst\u00fc d\u00f6n\u00fcm noktas\u0131n\u0131 kutlama zaman\u0131.&nbsp;<\/p>\n\n\n\n<p>Ge\u00e7mi\u015fi onurland\u0131raca\u011f\u0131m\u0131z, bug\u00fcn\u00fc kutlayaca\u011f\u0131m\u0131z ve gelece\u011fe bakaca\u011f\u0131m\u0131z bu \u00f6zel g\u00fcnde herkesi aram\u0131zda g\u00f6rmekten mutluluk duyar\u0131z.<\/p>\n\n\n\n<ul class=\"wp-block-list\">\n<li>Tarih\/G\u00fcn: 3 May\u0131s 2026, Pazar<\/li>\n\n\n\n<li>Saat: 10.15 \u2013 15:00<\/li>\n\n\n\n<li>Mekan: Zugerberg Kamp\u00fcs\u00fc<\/li>\n<\/ul>\n\n\n\n<p>Program:&nbsp;<\/p>\n\n\n\n<ul class=\"wp-block-list\">\n<li>Zugerberg kamp\u00fcs\u00fcndeki 100. y\u0131l d\u00f6n\u00fcm\u00fcm\u00fcz\u00fc bizimle birlikte kutlay\u0131n.<\/li>\n\n\n\n<li>\u00a0Bu g\u00fcne \u00f6zel olarak olu\u015fturulmu\u015f, y\u0131ld\u00f6n\u00fcm\u00fcne \u00f6zel bir parkuru takip edin ve \u00f6d\u00fcller kazanmak i\u00e7in \u00e7ekili\u015fe kat\u0131l\u0131n.\u00a0<\/li>\n\n\n\n<li>\u00a0Montana&#039;n\u0131n 100. y\u0131l\u0131n\u0131 ve \u00f6tesini izleyebilece\u011finiz, \u00f6\u011frenebilece\u011finiz ve kat\u0131labilece\u011finiz \u00e7e\u015fitli istasyonlar\u0131 ziyaret edin.\u00a0<\/li>\n\n\n\n<li>\u00a0D\u00fcnyan\u0131n d\u00f6rt bir yan\u0131ndan \u00e7e\u015fitli yiyecek ve i\u00e7eceklerin tad\u0131n\u0131 \u00e7\u0131kar\u0131n.\u00a0<\/li>\n<\/ul>\n\n\n\n<p>&nbsp;Bu d\u00f6n\u00fcm noktas\u0131 y\u00fczy\u0131lda bir kez ger\u00e7ekle\u015fiyor. Bu e\u015fsiz f\u0131rsat\u0131 ka\u00e7\u0131rmay\u0131n ve bizimle birlikte kutlay\u0131n!<\/p>\n\n\n\n<p>Kay\u0131t gerekmiyor. Herkes davetlidir!<\/p>\n\n\n\n<p>Daha fazla bilgi i\u00e7in, web sitemizi ziyaret edin.<a href=\"https:\/\/www.montana-zug.ch\/en\/100-years\">&nbsp;100. Y\u0131l D\u00f6n\u00fcm\u00fc Sayfas\u0131<\/a>.S\u00fcrekli olarak heyecan verici g\u00fcncellemelerle b\u00fcy\u00fcyor, bu y\u00fczden hi\u00e7bir \u015feyi ka\u00e7\u0131rmamak i\u00e7in d\u00fczenli olarak tekrar kontrol etmeyi unutmay\u0131n!&nbsp;<\/p>\n\n\n\n<p>&nbsp;Herhangi bir sorunuz i\u00e7in l\u00fctfen \u015fu adrese ba\u015fvurun: 100years.anniversary@montana-zug.ch&nbsp;<\/p>\n\n\n\n<figure class=\"wp-block-image size-large\"><img fetchpriority=\"high\" decoding=\"async\" width=\"1024\" height=\"1024\" src=\"https:\/\/www.swisslearning.com\/wp-content\/uploads\/2026\/03\/Heading-1-1024x1024.png\" alt=\"\" class=\"wp-image-13442\" srcset=\"https:\/\/www.swisslearning.com\/wp-content\/uploads\/2026\/03\/Heading-1-1024x1024.png 1024w, https:\/\/www.swisslearning.com\/wp-content\/uploads\/2026\/03\/Heading-1-300x300.png 300w, https:\/\/www.swisslearning.com\/wp-content\/uploads\/2026\/03\/Heading-1-150x150.png 150w, https:\/\/www.swisslearning.com\/wp-content\/uploads\/2026\/03\/Heading-1-768x768.png 768w, https:\/\/www.swisslearning.com\/wp-content\/uploads\/2026\/03\/Heading-1-12x12.png 12w, https:\/\/www.swisslearning.com\/wp-content\/uploads\/2026\/03\/Heading-1.png 1200w\" sizes=\"(max-width: 1024px) 100vw, 1024px\" \/><\/figure>","protected":false},"excerpt":{"rendered":"<p>This year, &nbsp;Institut Montana is 100 years old. It has survived a World War, a global economic crash&nbsp;and a worldwide pandemic and is today as strong as ever.\u202f &nbsp; For a century, we have shaped generations of students, built lifelong friendships. From classrooms to careers, from first days to lifelong memories, our journey has been [&hellip;]<\/p>\n","protected":false},"author":19,"featured_media":13444,"comment_status":"closed","ping_status":"open","sticky":false,"template":"","format":"standard","meta":{"footnotes":""},"categories":[31],"tags":[],"class_list":["post-13441","post","type-post","status-publish","format-standard","has-post-thumbnail","hentry","category-news"],"yoast_head":"<!-- This site is optimized with the Yoast SEO plugin v27.4 - https:\/\/yoast.com\/product\/yoast-seo-wordpress\/ -->\n<title>Let&#039;s celebrate 100 Years of Institut Montana<\/title>\n<meta name=\"description\" content=\"Institut Montana Summer Camp 2026\" \/>\n<meta name=\"robots\" content=\"index, follow, max-snippet:-1, max-image-preview:large, max-video-preview:-1\" \/>\n<link rel=\"canonical\" href=\"https:\/\/www.swisslearning.com\/tr\/news\/lets-celebrate-100-years-of-institut-montana\/\" \/>\n<meta property=\"og:locale\" content=\"tr_TR\" \/>\n<meta property=\"og:type\" content=\"article\" \/>\n<meta property=\"og:title\" content=\"Let&#039;s celebrate 100 Years of Institut Montana\" \/>\n<meta property=\"og:description\" content=\"Institut Montana Summer Camp 2026\" \/>\n<meta property=\"og:url\" content=\"https:\/\/www.swisslearning.com\/tr\/news\/lets-celebrate-100-years-of-institut-montana\/\" \/>\n<meta property=\"og:site_name\" content=\"Swiss Learning\" \/>\n<meta property=\"article:publisher\" content=\"https:\/\/www.facebook.com\/swisslearning\" \/>\n<meta property=\"article:published_time\" content=\"2026-03-06T14:15:10+00:00\" \/>\n<meta property=\"article:modified_time\" content=\"2026-03-06T14:28:26+00:00\" \/>\n<meta property=\"og:image\" content=\"https:\/\/www.swisslearning.com\/wp-content\/uploads\/2026\/03\/Document.png\" \/>\n\t<meta property=\"og:image:width\" content=\"1024\" \/>\n\t<meta property=\"og:image:height\" content=\"683\" \/>\n\t<meta property=\"og:image:type\" content=\"image\/png\" \/>\n<meta name=\"author\" content=\"communications\" \/>\n<meta name=\"twitter:card\" content=\"summary_large_image\" \/>\n<meta name=\"twitter:label1\" content=\"Yazan:\" \/>\n\t<meta name=\"twitter:data1\" content=\"communications\" \/>\n\t<meta name=\"twitter:label2\" content=\"Tahmini okuma s\u00fcresi\" \/>\n\t<meta name=\"twitter:data2\" content=\"6 dakika\" \/>\n<script type=\"application\/ld+json\" class=\"yoast-schema-graph\">{\"@context\":\"https:\\\/\\\/schema.org\",\"@graph\":[{\"@type\":\"Article\",\"@id\":\"https:\\\/\\\/www.swisslearning.com\\\/news\\\/lets-celebrate-100-years-of-institut-montana\\\/#article\",\"isPartOf\":{\"@id\":\"https:\\\/\\\/www.swisslearning.com\\\/news\\\/lets-celebrate-100-years-of-institut-montana\\\/\"},\"author\":{\"name\":\"communications\",\"@id\":\"https:\\\/\\\/www.swisslearning.com\\\/#\\\/schema\\\/person\\\/0f3fd99c776b3a658fa6e3266b7e196a\"},\"headline\":\"Let&#8217;s celebrate 100 Years of Institut Montana\",\"datePublished\":\"2026-03-06T14:15:10+00:00\",\"dateModified\":\"2026-03-06T14:28:26+00:00\",\"mainEntityOfPage\":{\"@id\":\"https:\\\/\\\/www.swisslearning.com\\\/news\\\/lets-celebrate-100-years-of-institut-montana\\\/\"},\"wordCount\":243,\"image\":{\"@id\":\"https:\\\/\\\/www.swisslearning.com\\\/news\\\/lets-celebrate-100-years-of-institut-montana\\\/#primaryimage\"},\"thumbnailUrl\":\"https:\\\/\\\/www.swisslearning.com\\\/wp-content\\\/uploads\\\/2026\\\/03\\\/Document.png\",\"articleSection\":[\"News\"],\"inLanguage\":\"tr\"},{\"@type\":\"WebPage\",\"@id\":\"https:\\\/\\\/www.swisslearning.com\\\/news\\\/lets-celebrate-100-years-of-institut-montana\\\/\",\"url\":\"https:\\\/\\\/www.swisslearning.com\\\/news\\\/lets-celebrate-100-years-of-institut-montana\\\/\",\"name\":\"Let's celebrate 100 Years of Institut Montana\",\"isPartOf\":{\"@id\":\"https:\\\/\\\/www.swisslearning.com\\\/#website\"},\"primaryImageOfPage\":{\"@id\":\"https:\\\/\\\/www.swisslearning.com\\\/news\\\/lets-celebrate-100-years-of-institut-montana\\\/#primaryimage\"},\"image\":{\"@id\":\"https:\\\/\\\/www.swisslearning.com\\\/news\\\/lets-celebrate-100-years-of-institut-montana\\\/#primaryimage\"},\"thumbnailUrl\":\"https:\\\/\\\/www.swisslearning.com\\\/wp-content\\\/uploads\\\/2026\\\/03\\\/Document.png\",\"datePublished\":\"2026-03-06T14:15:10+00:00\",\"dateModified\":\"2026-03-06T14:28:26+00:00\",\"author\":{\"@id\":\"https:\\\/\\\/www.swisslearning.com\\\/#\\\/schema\\\/person\\\/0f3fd99c776b3a658fa6e3266b7e196a\"},\"description\":\"Institut Montana Summer Camp 2026\",\"breadcrumb\":{\"@id\":\"https:\\\/\\\/www.swisslearning.com\\\/news\\\/lets-celebrate-100-years-of-institut-montana\\\/#breadcrumb\"},\"inLanguage\":\"tr\",\"potentialAction\":[{\"@type\":\"ReadAction\",\"target\":[\"https:\\\/\\\/www.swisslearning.com\\\/news\\\/lets-celebrate-100-years-of-institut-montana\\\/\"]}]},{\"@type\":\"ImageObject\",\"inLanguage\":\"tr\",\"@id\":\"https:\\\/\\\/www.swisslearning.com\\\/news\\\/lets-celebrate-100-years-of-institut-montana\\\/#primaryimage\",\"url\":\"https:\\\/\\\/www.swisslearning.com\\\/wp-content\\\/uploads\\\/2026\\\/03\\\/Document.png\",\"contentUrl\":\"https:\\\/\\\/www.swisslearning.com\\\/wp-content\\\/uploads\\\/2026\\\/03\\\/Document.png\",\"width\":1024,\"height\":683},{\"@type\":\"BreadcrumbList\",\"@id\":\"https:\\\/\\\/www.swisslearning.com\\\/news\\\/lets-celebrate-100-years-of-institut-montana\\\/#breadcrumb\",\"itemListElement\":[{\"@type\":\"ListItem\",\"position\":1,\"name\":\"Home\",\"item\":\"https:\\\/\\\/www.swisslearning.com\\\/\"},{\"@type\":\"ListItem\",\"position\":2,\"name\":\"Let&#8217;s celebrate 100 Years of Institut Montana\"}]},{\"@type\":\"WebSite\",\"@id\":\"https:\\\/\\\/www.swisslearning.com\\\/#website\",\"url\":\"https:\\\/\\\/www.swisslearning.com\\\/\",\"name\":\"Swiss Learning\",\"description\":\"BOARDING SCHOOLS, HOTEL MANAGEMENT SCHOOLS AND CAMPS IN SWITZERLAND\",\"potentialAction\":[{\"@type\":\"SearchAction\",\"target\":{\"@type\":\"EntryPoint\",\"urlTemplate\":\"https:\\\/\\\/www.swisslearning.com\\\/?s={search_term_string}\"},\"query-input\":{\"@type\":\"PropertyValueSpecification\",\"valueRequired\":true,\"valueName\":\"search_term_string\"}}],\"inLanguage\":\"tr\"},{\"@type\":\"Person\",\"@id\":\"https:\\\/\\\/www.swisslearning.com\\\/#\\\/schema\\\/person\\\/0f3fd99c776b3a658fa6e3266b7e196a\",\"name\":\"communications\",\"image\":{\"@type\":\"ImageObject\",\"inLanguage\":\"tr\",\"@id\":\"https:\\\/\\\/secure.gravatar.com\\\/avatar\\\/0f6667a8dc6b387649b3ade1d1f9b423a1deb30269faf07c7063cc993e0c7312?s=96&d=mm&r=g\",\"url\":\"https:\\\/\\\/secure.gravatar.com\\\/avatar\\\/0f6667a8dc6b387649b3ade1d1f9b423a1deb30269faf07c7063cc993e0c7312?s=96&d=mm&r=g\",\"contentUrl\":\"https:\\\/\\\/secure.gravatar.com\\\/avatar\\\/0f6667a8dc6b387649b3ade1d1f9b423a1deb30269faf07c7063cc993e0c7312?s=96&d=mm&r=g\",\"caption\":\"communications\"},\"url\":\"https:\\\/\\\/www.swisslearning.com\\\/tr\\\/author\\\/communications\\\/\"}]}<\/script>\n<!-- \/ Yoast SEO plugin. -->","yoast_head_json":{"title":"Institut Montana&#039;n\u0131n 100. y\u0131l\u0131n\u0131 kutlayal\u0131m!","description":"Institut Montana Yaz Kamp\u0131 2026","robots":{"index":"index","follow":"follow","max-snippet":"max-snippet:-1","max-image-preview":"max-image-preview:large","max-video-preview":"max-video-preview:-1"},"canonical":"https:\/\/www.swisslearning.com\/tr\/news\/lets-celebrate-100-years-of-institut-montana\/","og_locale":"tr_TR","og_type":"article","og_title":"Let's celebrate 100 Years of Institut Montana","og_description":"Institut Montana Summer Camp 2026","og_url":"https:\/\/www.swisslearning.com\/tr\/news\/lets-celebrate-100-years-of-institut-montana\/","og_site_name":"Swiss Learning","article_publisher":"https:\/\/www.facebook.com\/swisslearning","article_published_time":"2026-03-06T14:15:10+00:00","article_modified_time":"2026-03-06T14:28:26+00:00","og_image":[{"width":1024,"height":683,"url":"https:\/\/www.swisslearning.com\/wp-content\/uploads\/2026\/03\/Document.png","type":"image\/png"}],"author":"communications","twitter_card":"summary_large_image","twitter_misc":{"Yazan:":"communications","Tahmini okuma s\u00fcresi":"6 dakika"},"schema":{"@context":"https:\/\/schema.org","@graph":[{"@type":"Article","@id":"https:\/\/www.swisslearning.com\/news\/lets-celebrate-100-years-of-institut-montana\/#article","isPartOf":{"@id":"https:\/\/www.swisslearning.com\/news\/lets-celebrate-100-years-of-institut-montana\/"},"author":{"name":"communications","@id":"https:\/\/www.swisslearning.com\/#\/schema\/person\/0f3fd99c776b3a658fa6e3266b7e196a"},"headline":"Let&#8217;s celebrate 100 Years of Institut Montana","datePublished":"2026-03-06T14:15:10+00:00","dateModified":"2026-03-06T14:28:26+00:00","mainEntityOfPage":{"@id":"https:\/\/www.swisslearning.com\/news\/lets-celebrate-100-years-of-institut-montana\/"},"wordCount":243,"image":{"@id":"https:\/\/www.swisslearning.com\/news\/lets-celebrate-100-years-of-institut-montana\/#primaryimage"},"thumbnailUrl":"https:\/\/www.swisslearning.com\/wp-content\/uploads\/2026\/03\/Document.png","articleSection":["News"],"inLanguage":"tr"},{"@type":"WebPage","@id":"https:\/\/www.swisslearning.com\/news\/lets-celebrate-100-years-of-institut-montana\/","url":"https:\/\/www.swisslearning.com\/news\/lets-celebrate-100-years-of-institut-montana\/","name":"Institut Montana&#039;n\u0131n 100. y\u0131l\u0131n\u0131 kutlayal\u0131m!","isPartOf":{"@id":"https:\/\/www.swisslearning.com\/#website"},"primaryImageOfPage":{"@id":"https:\/\/www.swisslearning.com\/news\/lets-celebrate-100-years-of-institut-montana\/#primaryimage"},"image":{"@id":"https:\/\/www.swisslearning.com\/news\/lets-celebrate-100-years-of-institut-montana\/#primaryimage"},"thumbnailUrl":"https:\/\/www.swisslearning.com\/wp-content\/uploads\/2026\/03\/Document.png","datePublished":"2026-03-06T14:15:10+00:00","dateModified":"2026-03-06T14:28:26+00:00","author":{"@id":"https:\/\/www.swisslearning.com\/#\/schema\/person\/0f3fd99c776b3a658fa6e3266b7e196a"},"description":"Institut Montana Yaz Kamp\u0131 2026","breadcrumb":{"@id":"https:\/\/www.swisslearning.com\/news\/lets-celebrate-100-years-of-institut-montana\/#breadcrumb"},"inLanguage":"tr","potentialAction":[{"@type":"ReadAction","target":["https:\/\/www.swisslearning.com\/news\/lets-celebrate-100-years-of-institut-montana\/"]}]},{"@type":"ImageObject","inLanguage":"tr","@id":"https:\/\/www.swisslearning.com\/news\/lets-celebrate-100-years-of-institut-montana\/#primaryimage","url":"https:\/\/www.swisslearning.com\/wp-content\/uploads\/2026\/03\/Document.png","contentUrl":"https:\/\/www.swisslearning.com\/wp-content\/uploads\/2026\/03\/Document.png","width":1024,"height":683},{"@type":"BreadcrumbList","@id":"https:\/\/www.swisslearning.com\/news\/lets-celebrate-100-years-of-institut-montana\/#breadcrumb","itemListElement":[{"@type":"ListItem","position":1,"name":"Home","item":"https:\/\/www.swisslearning.com\/"},{"@type":"ListItem","position":2,"name":"Let&#8217;s celebrate 100 Years of Institut Montana"}]},{"@type":"WebSite","@id":"https:\/\/www.swisslearning.com\/#website","url":"https:\/\/www.swisslearning.com\/","name":"\u0130svi\u00e7re \u00d6\u011frenimi","description":"\u0130SV\u0130\u00c7RE&#039;DEK\u0130 YATILI OKULLAR, OTEL Y\u00d6NET\u0130M\u0130 OKULLARI VE KAMPLAR","potentialAction":[{"@type":"SearchAction","target":{"@type":"EntryPoint","urlTemplate":"https:\/\/www.swisslearning.com\/?s={search_term_string}"},"query-input":{"@type":"PropertyValueSpecification","valueRequired":true,"valueName":"search_term_string"}}],"inLanguage":"tr"},{"@type":"Person","@id":"https:\/\/www.swisslearning.com\/#\/schema\/person\/0f3fd99c776b3a658fa6e3266b7e196a","name":"ileti\u015fim","image":{"@type":"ImageObject","inLanguage":"tr","@id":"https:\/\/secure.gravatar.com\/avatar\/0f6667a8dc6b387649b3ade1d1f9b423a1deb30269faf07c7063cc993e0c7312?s=96&d=mm&r=g","url":"https:\/\/secure.gravatar.com\/avatar\/0f6667a8dc6b387649b3ade1d1f9b423a1deb30269faf07c7063cc993e0c7312?s=96&d=mm&r=g","contentUrl":"https:\/\/secure.gravatar.com\/avatar\/0f6667a8dc6b387649b3ade1d1f9b423a1deb30269faf07c7063cc993e0c7312?s=96&d=mm&r=g","caption":"communications"},"url":"https:\/\/www.swisslearning.com\/tr\/author\/communications\/"}]}},"_links":{"self":[{"href":"https:\/\/www.swisslearning.com\/tr\/wp-json\/wp\/v2\/posts\/13441","targetHints":{"allow":["GET"]}}],"collection":[{"href":"https:\/\/www.swisslearning.com\/tr\/wp-json\/wp\/v2\/posts"}],"about":[{"href":"https:\/\/www.swisslearning.com\/tr\/wp-json\/wp\/v2\/types\/post"}],"author":[{"embeddable":true,"href":"https:\/\/www.swisslearning.com\/tr\/wp-json\/wp\/v2\/users\/19"}],"replies":[{"embeddable":true,"href":"https:\/\/www.swisslearning.com\/tr\/wp-json\/wp\/v2\/comments?post=13441"}],"version-history":[{"count":1,"href":"https:\/\/www.swisslearning.com\/tr\/wp-json\/wp\/v2\/posts\/13441\/revisions"}],"predecessor-version":[{"id":13443,"href":"https:\/\/www.swisslearning.com\/tr\/wp-json\/wp\/v2\/posts\/13441\/revisions\/13443"}],"wp:featuredmedia":[{"embeddable":true,"href":"https:\/\/www.swisslearning.com\/tr\/wp-json\/wp\/v2\/media\/13444"}],"wp:attachment":[{"href":"https:\/\/www.swisslearning.com\/tr\/wp-json\/wp\/v2\/media?parent=13441"}],"wp:term":[{"taxonomy":"category","embeddable":true,"href":"https:\/\/www.swisslearning.com\/tr\/wp-json\/wp\/v2\/categories?post=13441"},{"taxonomy":"post_tag","embeddable":true,"href":"https:\/\/www.swisslearning.com\/tr\/wp-json\/wp\/v2\/tags?post=13441"}],"curies":[{"name":"wp","href":"https:\/\/api.w.org\/{rel}","templated":true}]}}